{"id":17187,"date":"2023-04-07T18:33:41","date_gmt":"2023-04-07T15:33:41","guid":{"rendered":"https:\/\/scurtpe2.ro\/?p=17187"},"modified":"2023-04-07T18:33:41","modified_gmt":"2023-04-07T15:33:41","slug":"protestul-fermierilor","status":"publish","type":"post","link":"https:\/\/scurtpe2.ro\/?p=17187","title":{"rendered":"PROTESTUL FERMIERILOR"},"content":{"rendered":"<p>Fermierii din toat\u0103 \u021bara au ie\u0219it, ast\u0103zi, \u00een strad\u0103. Nici Buz\u0103ul nu a f\u0103cut excep\u021bie \u0219i, a\u0219a cum au anun\u021bat, agricultorii au plecat cu utilajele \u00eentr-un mar\u0219 pe Drumul Na\u021bional 22, iar ulterior, pe Drumul European 85. La protest au participat peste o sut\u0103 de agricultori care au mers cu tractoarele \u0219i camioane inscrip\u021bionate cu mesaje la adresa oficialilor din ministerul Agriculturii. Fermierii buzoieni au pornit \u00een mar\u0219 din comuna Balta Alb\u0103, au trecut prin Boldu, R\u00e2mnicelu, Rubla, Valea R\u00e2mnicului \u0219i Oreavu, apoi pe Drumul European 85, p\u00e2n\u0103 \u00een R\u00e2mnicu S\u0103rat. Convoiul s-a deplasat pe drumurile publice cu 5 km\/h, ceea ce a \u00eengreunat vizibil traficul rutier de pe cele dou\u0103 mari \u0219osele din jude\u021b.<\/p>\n<p>\u00cen Rm. S\u0103rat, fermierii au tranzitat municipiul, iar la ie\u0219irea de pe Bulevardul Eroilor, s-au dispersat, a\u0219a cum au negociat organizatorii.<\/p>\n<p>Agricultorii s-au ar\u0103tat nemul\u021bumi\u021bi \u0219i de modul \u00een care se efectueaz\u0103 controlul privind calitatea cerealelor importate.<\/p>\n<p>Fermierii sper\u0103 ca problemele cu care se confrunt\u0103 se fie auzite \u0219i rezolvate.\u00c2\u00a0 Oamenii sus\u021bin c\u0103 mul\u021bi agricultori nu vor reu\u0219i s\u0103 \u00eenfiin\u021beze culturile \u00een aceast\u0103 prim\u0103var\u0103.<\/p>\n<p>La protestul fermierilor, de la Rm S\u0103rat, au fost prezen\u021bi \u0219i reprezentan\u021bi ai Prefecturii Buz\u0103u.<\/p>\n<p>Fermierii din jude\u021b, o parte dintre ei membri ai Ligii Asocia\u021biilor Produc\u0103torilor Agricoli din Rom\u00e2nia, \u0219i-au strigat, ast\u0103zi, nemul\u021bumirile \u0219i \u00een fa\u021ba Prefecturii Buz\u0103u. Agricultorii\u00c2\u00a0 acuz\u0103 faptul c\u0103 afacerile le-au fost afectate serios odat\u0103 cu importul de cereale \u0219i produse agricole din Ucraina. Oamenii spun c\u0103 acestea sunt comercializate la pre\u021buri mult mai mici dec\u00e2t pre\u021burile practicate \u00een \u021bara noastr\u0103, iar calitatea este \u00eendoielnic\u0103. Totodat\u0103, fermierii sunt nemul\u021bumi\u021bi de lipsa de reac\u021bie a autorit\u0103\u021bilor centrale pentru a-i sprijini, iar mul\u021bi se tem c\u0103 vor fi nevoi\u021bi s\u0103 renun\u021be la afacere.<\/p>\n<p>Chiar dac\u0103 s-au \u00eent\u00e2lnit cu prefectul jude\u021bului Buz\u0103u, Daniel \u00c8\u0161iclea, fermierii nu \u00ee\u0219i pun mari speran\u021be \u00een ajutorul oferit de autorit\u0103\u021bi. Ei sunt de p\u0103rere c\u0103 nimic nu se va schimba, iar agricultura va deveni o ramur\u0103 pe cale de dispari\u021bie.<\/p>\n<p>Prefectul jude\u021bului Buz\u0103u, Daniel \u00c8\u0161iclea consider\u0103 c\u0103 nemul\u021bumirile agricultorilor sunt \u00eendrept\u0103\u021bite.<\/p>\n<p>Unii agricultori sunt de p\u0103rere c\u0103 protestele lor, odat\u0103 continuate, ar putea avea ecoul dorit \u0219i ar putea duce la m\u0103suri de redresare a agriculturii.<\/p>\n<p>Fermierii rom\u00e2ni au protestat, ast\u0103zi, \u00een toat\u0103 \u021bara. Oamenii s-au pl\u00e2ns c\u0103 afacerile lor sunt puse \u00een pericol din cauza cerealelor din Ucraina \u0219i au cerut demisia Ministrului Agriculturii, Petre Daea.<\/p>\n","protected":false},"excerpt":{"rendered":"<p>Fermierii din toat\u0103 \u021bara au ie\u0219it, ast\u0103zi, \u00een strad\u0103. Nici Buz\u0103ul nu a f\u0103cut excep\u021bie \u0219i, a\u0219a cum au anun\u021bat, agricultorii au plecat cu utilajele \u00eentr-un mar\u0219 pe Drumul Na\u021bional 22, iar ulterior, pe Drumul European 85. La protest au participat peste o sut\u0103 de agricultori care au mers cu tractoarele \u0219i camioane inscrip\u021bionate cu mesaje la adresa oficialilor din ministerul Agriculturii. Fermierii buzoieni au pornit \u00een mar\u0219 din comuna Balta Alb\u0103, au trecut prin Boldu, R\u00e2mnicelu, Rubla, Valea R\u00e2mnicului \u0219i Oreavu, apoi pe Drumul European 85, p\u00e2n\u0103 \u00een R\u00e2mnicu&hellip;<\/p>\n","protected":false},"author":4,"featured_media":17188,"comment_status":"closed","ping_status":"closed","sticky":false,"template":"","format":"standard","meta":{"footnotes":""},"categories":[168,143],"tags":[5679,6301,657,694,6300,5323],"class_list":["post-17187","post","type-post","status-publish","format-standard","has-post-thumbnail","hentry","category-informatia-de-buzau","category-editoriale","tag-agricultori","tag-cereale-importate","tag-culturi","tag-prefect","tag-protest-fermieri","tag-ucraina"],"gutentor_comment":0,"_links":{"self":[{"href":"https:\/\/scurtpe2.ro\/index.php?rest_route=\/wp\/v2\/posts\/17187","targetHints":{"allow":["GET"]}}],"collection":[{"href":"https:\/\/scurtpe2.ro\/index.php?rest_route=\/wp\/v2\/posts"}],"about":[{"href":"https:\/\/scurtpe2.ro\/index.php?rest_route=\/wp\/v2\/types\/post"}],"author":[{"embeddable":true,"href":"https:\/\/scurtpe2.ro\/index.php?rest_route=\/wp\/v2\/users\/4"}],"replies":[{"embeddable":true,"href":"https:\/\/scurtpe2.ro\/index.php?rest_route=%2Fwp%2Fv2%2Fcomments&post=17187"}],"version-history":[{"count":1,"href":"https:\/\/scurtpe2.ro\/index.php?rest_route=\/wp\/v2\/posts\/17187\/revisions"}],"predecessor-version":[{"id":17189,"href":"https:\/\/scurtpe2.ro\/index.php?rest_route=\/wp\/v2\/posts\/17187\/revisions\/17189"}],"wp:featuredmedia":[{"embeddable":true,"href":"https:\/\/scurtpe2.ro\/index.php?rest_route=\/wp\/v2\/media\/17188"}],"wp:attachment":[{"href":"https:\/\/scurtpe2.ro\/index.php?rest_route=%2Fwp%2Fv2%2Fmedia&parent=17187"}],"wp:term":[{"taxonomy":"category","embeddable":true,"href":"https:\/\/scurtpe2.ro\/index.php?rest_route=%2Fwp%2Fv2%2Fcategories&post=17187"},{"taxonomy":"post_tag","embeddable":true,"href":"https:\/\/scurtpe2.ro\/index.php?rest_route=%2Fwp%2Fv2%2Ftags&post=17187"}],"curies":[{"name":"wp","href":"https:\/\/api.w.org\/{rel}","templated":true}]}}