{"id":17042,"date":"2023-03-21T18:25:49","date_gmt":"2023-03-21T15:25:49","guid":{"rendered":"https:\/\/scurtpe2.ro\/?p=17042"},"modified":"2023-03-21T18:25:49","modified_gmt":"2023-03-21T15:25:49","slug":"in-directia-buna","status":"publish","type":"post","link":"https:\/\/scurtpe2.ro\/?p=17042","title":{"rendered":"\u00ceN DIREC\u021aIA BUN\u0102"},"content":{"rendered":"<p class=\"yiv3564649508ydp50f1a48dmsonormal\" style=\"background: white;\"><span lang=\"EN-US\" style=\"font-size: 18.0pt; color: #1d2228;\">Activitatea Spitalului Municipal R\u00e2mnicu S\u0103rat \u00eencepe s\u0103 reintre \u00een normal. Precizarea apar\u021bine conducerii unit\u0103\u021bii medicale, dup\u0103 o perioad\u0103 de timp \u00een care buna func\u021bionare spitalului a fost perturbat\u0103 de anumite probleme. \u0218i din punct de vedere financiar, spitalul are o situa\u021bie bun\u0103, f\u0103r\u0103 a se \u00eenregistra datorii.<\/span><\/p>\n<p class=\"yiv3564649508ydp50f1a48dmsonormal\" style=\"background: white;\"><span lang=\"EN-US\" style=\"font-size: 18.0pt; color: #1d2228;\">Chiar dac\u0103 pentru o perioad\u0103, unitatea medical\u0103 nu a putut asigura permanen\u021ba activit\u0103\u021bii la Camerele de Gard\u0103, acum, lucrurile se \u00eendreapt\u0103 \u00eentr-o direc\u021bie bun\u0103. Managerul Spitalului din Rm. S\u0103rat, Adrian Danielescu, precizeaz\u0103 c\u0103, desi \u00een ultimul an, \u00een unitatea medical\u0103 s-au angajat 14 medici noi, num\u0103rul speciali\u0219tilor este \u00eenc\u0103 insuficient.<\/span><\/p>\n<p class=\"yiv3564649508ydp50f1a48dmsonormal\" style=\"background: white;\"><span lang=\"EN-US\" style=\"font-size: 18.0pt; color: #1d2228;\">Chiar dac\u0103 Spitalul Municipal R\u00e2mnicu S\u0103rat a trecut printr-o perioad\u0103 dificil\u0103, conducerea unit\u0103\u021bii sus\u021bine c\u0103, niciodat\u0103, nu s-a pus problema \u00eenchiderii sale.<\/span><\/p>\n<p class=\"yiv3564649508ydp50f1a48dmsonormal\" style=\"background: white;\"><span lang=\"EN-US\" style=\"font-size: 18.0pt; color: #1d2228;\">Reprezentan\u021bii spitalului men\u021bioneaz\u0103 c\u0103, \u00een ultimele dou\u0103 luni, Camerele de Gard\u0103 \u0219i-au putut desf\u0103\u0219urat activitatea \u00een condi\u021bii normale. Probleme sunt \u00eenregistrate, \u00een continuare, la Sec\u021bia ATI, unde activeaz\u0103 un singur medic. De asemenea, \u0219i la Sec\u021bia Pediatrie mai sunt zile \u00een care nu pot fi realizate g\u0103rzile.<\/span><\/p>\n<p class=\"yiv3564649508ydp50f1a48dmsonormal\" style=\"background: white;\"><span lang=\"EN-US\" style=\"font-size: 18.0pt; color: #1d2228;\">Spitalul din R\u00e2mnicu S\u0103rat asigur\u0103 asisten\u021ba medical\u0103 pentru popula\u021bia din municipiu, dar \u0219i pentru localit\u0103\u021bile\u00c2\u00a0limitrofe, precum \u0219i pentru comune din jude\u021bele Vrancea \u0219i Br\u0103ila.<\/span><\/p>\n","protected":false},"excerpt":{"rendered":"<p>Activitatea Spitalului Municipal R\u00e2mnicu S\u0103rat \u00eencepe s\u0103 reintre \u00een normal. Precizarea apar\u021bine conducerii unit\u0103\u021bii medicale, dup\u0103 o perioad\u0103 de timp \u00een care buna func\u021bionare spitalului a fost perturbat\u0103 de anumite probleme. \u0218i din punct de vedere financiar, spitalul are o situa\u021bie bun\u0103, f\u0103r\u0103 a se \u00eenregistra datorii. Chiar dac\u0103 pentru o perioad\u0103, unitatea medical\u0103 nu a putut asigura permanen\u021ba activit\u0103\u021bii la Camerele de Gard\u0103, acum, lucrurile se \u00eendreapt\u0103 \u00eentr-o direc\u021bie bun\u0103. Managerul Spitalului din Rm. S\u0103rat, Adrian Danielescu, precizeaz\u0103 c\u0103, desi \u00een ultimul an, \u00een unitatea medical\u0103 s-au angajat 14&hellip;<\/p>\n","protected":false},"author":4,"featured_media":17043,"comment_status":"closed","ping_status":"closed","sticky":false,"template":"","format":"standard","meta":{"footnotes":""},"categories":[165],"tags":[1720,6243,6242,233,2829,746],"class_list":["post-17042","post","type-post","status-publish","format-standard","has-post-thumbnail","hentry","category-informatia-de-ramnic","tag-adrian-danielescu","tag-camera-de-garda","tag-directie-buna","tag-medici","tag-pediatrie","tag-spital-municipal"],"gutentor_comment":0,"_links":{"self":[{"href":"https:\/\/scurtpe2.ro\/index.php?rest_route=\/wp\/v2\/posts\/17042","targetHints":{"allow":["GET"]}}],"collection":[{"href":"https:\/\/scurtpe2.ro\/index.php?rest_route=\/wp\/v2\/posts"}],"about":[{"href":"https:\/\/scurtpe2.ro\/index.php?rest_route=\/wp\/v2\/types\/post"}],"author":[{"embeddable":true,"href":"https:\/\/scurtpe2.ro\/index.php?rest_route=\/wp\/v2\/users\/4"}],"replies":[{"embeddable":true,"href":"https:\/\/scurtpe2.ro\/index.php?rest_route=%2Fwp%2Fv2%2Fcomments&post=17042"}],"version-history":[{"count":1,"href":"https:\/\/scurtpe2.ro\/index.php?rest_route=\/wp\/v2\/posts\/17042\/revisions"}],"predecessor-version":[{"id":17044,"href":"https:\/\/scurtpe2.ro\/index.php?rest_route=\/wp\/v2\/posts\/17042\/revisions\/17044"}],"wp:featuredmedia":[{"embeddable":true,"href":"https:\/\/scurtpe2.ro\/index.php?rest_route=\/wp\/v2\/media\/17043"}],"wp:attachment":[{"href":"https:\/\/scurtpe2.ro\/index.php?rest_route=%2Fwp%2Fv2%2Fmedia&parent=17042"}],"wp:term":[{"taxonomy":"category","embeddable":true,"href":"https:\/\/scurtpe2.ro\/index.php?rest_route=%2Fwp%2Fv2%2Fcategories&post=17042"},{"taxonomy":"post_tag","embeddable":true,"href":"https:\/\/scurtpe2.ro\/index.php?rest_route=%2Fwp%2Fv2%2Ftags&post=17042"}],"curies":[{"name":"wp","href":"https:\/\/api.w.org\/{rel}","templated":true}]}}