{"id":16831,"date":"2023-02-23T18:29:52","date_gmt":"2023-02-23T15:29:52","guid":{"rendered":"https:\/\/scurtpe2.ro\/?p=16831"},"modified":"2023-02-23T18:29:52","modified_gmt":"2023-02-23T15:29:52","slug":"invitatie-la-targul-apicol","status":"publish","type":"post","link":"https:\/\/scurtpe2.ro\/?p=16831","title":{"rendered":"INVITA\u021aIE LA T\u00c3\u201aRGUL APICOL"},"content":{"rendered":"<p class=\"yiv4141316006ydp5ecbaa15msonormal\" style=\"background: white;\"><span lang=\"EN-US\" style=\"font-size: 18.0pt; color: #1d2228;\">R\u00e2mnicenii sunt invita\u021bi, \u00een acest weekend, la un t\u00e2rg c\u00e2t se poate de dulce. Este vorba despre ,,T\u00e2rgul de miere \u0219i produse apicole R\u00e2mnicu S\u0103rat&#8221;\u009d, eveniment aflat la cea de-a XV-a edi\u021bie, care va fi organizat \u00een Pia\u021beta din fa\u021ba Prim\u0103riei. La evenimentul organizat de Asocia\u021bia Apicultorilor Profesioni\u0219ti ,,Albina R\u00e2mnicean\u0103&#8221;\u009d \u0219i Prim\u0103ria R\u00e2mnicu S\u0103rat \u0219i-au anun\u021bat prezen\u021ba zeci de apicultori din toat\u0103 \u021bara.<\/span><\/p>\n<p class=\"yiv4141316006ydp5ecbaa15msonormal\" style=\"background: white;\"><span lang=\"EN-US\" style=\"font-size: 18.0pt; color: #1d2228;\">\u0218i anul acesta, cresc\u0103torii de albine \u0219i produc\u0103torii \u00ee\u0219i vor \u00eent\u00e2mpina vizitatorii cu numeroase produse apicole.<\/span><\/p>\n<p class=\"yiv4141316006ydp5ecbaa15msonormal\" style=\"background: white;\"><span lang=\"EN-US\" style=\"font-size: 18.0pt; color: #1d2228;\">La evenimentul din Rm. S\u0103rat este invitat \u0219i ministrul Agriculturii \u0219i Dezvolt\u0103rii Rurale, Petre Daea.<\/span><\/p>\n<p class=\"yiv4141316006ydp5ecbaa15msonormal\" style=\"background: white;\"><span lang=\"EN-US\" style=\"font-size: 18.0pt; color: #1d2228;\">2022 a fost un an nefast pentru apicultorii din Rom\u00e2nia, din cauza schimb\u0103rilor climatice. Pentru c\u0103 produc\u021biile de miere sunt tot mai sc\u0103zute, cresc\u0103torii de albine solicit\u0103 sprijin autorit\u0103\u021bilor competente.<\/span><\/p>\n<p class=\"yiv4141316006ydp5ecbaa15msonormal\" style=\"background: white;\"><span lang=\"EN-US\" style=\"font-size: 18.0pt; color: #1d2228;\">Apicultorii vor ca oamenii s\u0103 con\u0219tientizeze importan\u021ba colosal\u0103 pe care o au albinele \u00een via\u021ba de zi cu zi.\u00c2\u00a0\u00c2\u00a0Pe l\u00e2ng\u0103 produsele apicole extraordinare pe care le ofer\u0103, albinele au o importan\u021b\u0103 major\u0103 \u00een polenizarea plantelor \u0219i a culturilor.<\/span><\/p>\n<p class=\"yiv4141316006ydp5ecbaa15msonormal\" style=\"background: white;\"><span lang=\"EN-US\" style=\"font-size: 18.0pt; color: #1d2228;\">Mierea, propolisul, lapti\u0219orul de matc\u0103, polenul, p\u0103stura \u0219i apilarnilul sunt doar c\u00e2teva dintre produsele oferite de albine. Toate sunt adevarate daruri ale naturii, care trebuie pre\u021buite, dar \u0219i folosite c\u00e2t mai des.<\/span><\/p>\n","protected":false},"excerpt":{"rendered":"<p>R\u00e2mnicenii sunt invita\u021bi, \u00een acest weekend, la un t\u00e2rg c\u00e2t se poate de dulce. Este vorba despre ,,T\u00e2rgul de miere \u0219i produse apicole R\u00e2mnicu S\u0103rat&#8221;\u009d, eveniment aflat la cea de-a XV-a edi\u021bie, care va fi organizat \u00een Pia\u021beta din fa\u021ba Prim\u0103riei. La evenimentul organizat de Asocia\u021bia Apicultorilor Profesioni\u0219ti ,,Albina R\u00e2mnicean\u0103&#8221;\u009d \u0219i Prim\u0103ria R\u00e2mnicu S\u0103rat \u0219i-au anun\u021bat prezen\u021ba zeci de apicultori din toat\u0103 \u021bara. \u0218i anul acesta, cresc\u0103torii de albine \u0219i produc\u0103torii \u00ee\u0219i vor \u00eent\u00e2mpina vizitatorii cu numeroase produse apicole. La evenimentul din Rm. S\u0103rat este invitat \u0219i ministrul Agriculturii \u0219i&hellip;<\/p>\n","protected":false},"author":4,"featured_media":16832,"comment_status":"closed","ping_status":"closed","sticky":false,"template":"","format":"standard","meta":{"footnotes":""},"categories":[165],"tags":[6152,6134,5658,771,4068],"class_list":["post-16831","post","type-post","status-publish","format-standard","has-post-thumbnail","hentry","category-informatia-de-ramnic","tag-an-nefast","tag-miere-de-albine","tag-petre-daea","tag-primaria-rm-sarat","tag-targ-apicol"],"gutentor_comment":0,"_links":{"self":[{"href":"https:\/\/scurtpe2.ro\/index.php?rest_route=\/wp\/v2\/posts\/16831","targetHints":{"allow":["GET"]}}],"collection":[{"href":"https:\/\/scurtpe2.ro\/index.php?rest_route=\/wp\/v2\/posts"}],"about":[{"href":"https:\/\/scurtpe2.ro\/index.php?rest_route=\/wp\/v2\/types\/post"}],"author":[{"embeddable":true,"href":"https:\/\/scurtpe2.ro\/index.php?rest_route=\/wp\/v2\/users\/4"}],"replies":[{"embeddable":true,"href":"https:\/\/scurtpe2.ro\/index.php?rest_route=%2Fwp%2Fv2%2Fcomments&post=16831"}],"version-history":[{"count":1,"href":"https:\/\/scurtpe2.ro\/index.php?rest_route=\/wp\/v2\/posts\/16831\/revisions"}],"predecessor-version":[{"id":16833,"href":"https:\/\/scurtpe2.ro\/index.php?rest_route=\/wp\/v2\/posts\/16831\/revisions\/16833"}],"wp:featuredmedia":[{"embeddable":true,"href":"https:\/\/scurtpe2.ro\/index.php?rest_route=\/wp\/v2\/media\/16832"}],"wp:attachment":[{"href":"https:\/\/scurtpe2.ro\/index.php?rest_route=%2Fwp%2Fv2%2Fmedia&parent=16831"}],"wp:term":[{"taxonomy":"category","embeddable":true,"href":"https:\/\/scurtpe2.ro\/index.php?rest_route=%2Fwp%2Fv2%2Fcategories&post=16831"},{"taxonomy":"post_tag","embeddable":true,"href":"https:\/\/scurtpe2.ro\/index.php?rest_route=%2Fwp%2Fv2%2Ftags&post=16831"}],"curies":[{"name":"wp","href":"https:\/\/api.w.org\/{rel}","templated":true}]}}