{"id":16657,"date":"2023-02-01T19:52:26","date_gmt":"2023-02-01T16:52:26","guid":{"rendered":"https:\/\/scurtpe2.ro\/?p=16657"},"modified":"2023-02-01T19:52:26","modified_gmt":"2023-02-01T16:52:26","slug":"adio-parc-industrial","status":"publish","type":"post","link":"https:\/\/scurtpe2.ro\/?p=16657","title":{"rendered":"ADIO, PARC INDUSTRIAL!"},"content":{"rendered":"<p>\u00cenfiin\u021barea unui parc industrial \u00een municipiul Buz\u0103u ar trebui s\u0103 fie o prioritate, pentru c\u0103 ar crea numeroase locuri de munc\u0103, \u00eens\u0103, deocamdat\u0103, nu exist\u0103 premisele unei astfel de investi\u021bii. Construc\u021bia parcului industrial a fost solicitat\u0103 \u0219i de c\u0103tre unii consilieri locali printr-un amendament la bugetul municipiului Buz\u0103u, pe 2023.<\/p>\n<p>Reprezentan\u021bii Prim\u0103riei Buz\u0103u dau \u00eens\u0103 de \u00een\u021beles c\u0103 un proiect privind construc\u021bia unui parc industrial nu este viabil \u00een acest moment. Asta \u00een contextul \u00een care zona respectiv\u0103 ar putea fi traversat\u0103 de viitoarea autostrad\u0103 A7.<\/p>\n<p>Potrivit reprezentan\u021bilor administra\u021biei locale, \u00een momentul \u00een care Buz\u0103ul va fi conectat la re\u021beaua de autostr\u0103zi na\u021bionale, iar jude\u021bul va avea \u0219i un aeroport civil, la Boboc, o astfel de investi\u021bie va putea fi abordat\u0103 f\u0103r\u0103 probleme. Totu\u0219i, \u00een 2021, Consiliul Jude\u021bean Buz\u0103u a anun\u021bat demersuri pentru \u00eenfiin\u021barea unui parc industrial de-a lungul Autostr\u0103zii A7. Acest lucru ar fi posibil printr-o asociere cu comuna Movila Banului.<\/p>\n","protected":false},"excerpt":{"rendered":"<p>\u00cenfiin\u021barea unui parc industrial \u00een municipiul Buz\u0103u ar trebui s\u0103 fie o prioritate, pentru c\u0103 ar crea numeroase locuri de munc\u0103, \u00eens\u0103, deocamdat\u0103, nu exist\u0103 premisele unei astfel de investi\u021bii. Construc\u021bia parcului industrial a fost solicitat\u0103 \u0219i de c\u0103tre unii consilieri locali printr-un amendament la bugetul municipiului Buz\u0103u, pe 2023. Reprezentan\u021bii Prim\u0103riei Buz\u0103u dau \u00eens\u0103 de \u00een\u021beles c\u0103 un proiect privind construc\u021bia unui parc industrial nu este viabil \u00een acest moment. Asta \u00een contextul \u00een care zona respectiv\u0103 ar putea fi traversat\u0103 de viitoarea autostrad\u0103 A7. Potrivit reprezentan\u021bilor administra\u021biei locale,&hellip;<\/p>\n","protected":false},"author":4,"featured_media":16658,"comment_status":"closed","ping_status":"closed","sticky":false,"template":"","format":"standard","meta":{"footnotes":""},"categories":[173],"tags":[6068,4865,4863,530],"class_list":["post-16657","post","type-post","status-publish","format-standard","has-post-thumbnail","hentry","category-administrativ","tag-aeroport-boboc","tag-autostrada","tag-parc-industrial","tag-primaria-buzau"],"gutentor_comment":0,"_links":{"self":[{"href":"https:\/\/scurtpe2.ro\/index.php?rest_route=\/wp\/v2\/posts\/16657","targetHints":{"allow":["GET"]}}],"collection":[{"href":"https:\/\/scurtpe2.ro\/index.php?rest_route=\/wp\/v2\/posts"}],"about":[{"href":"https:\/\/scurtpe2.ro\/index.php?rest_route=\/wp\/v2\/types\/post"}],"author":[{"embeddable":true,"href":"https:\/\/scurtpe2.ro\/index.php?rest_route=\/wp\/v2\/users\/4"}],"replies":[{"embeddable":true,"href":"https:\/\/scurtpe2.ro\/index.php?rest_route=%2Fwp%2Fv2%2Fcomments&post=16657"}],"version-history":[{"count":1,"href":"https:\/\/scurtpe2.ro\/index.php?rest_route=\/wp\/v2\/posts\/16657\/revisions"}],"predecessor-version":[{"id":16659,"href":"https:\/\/scurtpe2.ro\/index.php?rest_route=\/wp\/v2\/posts\/16657\/revisions\/16659"}],"wp:featuredmedia":[{"embeddable":true,"href":"https:\/\/scurtpe2.ro\/index.php?rest_route=\/wp\/v2\/media\/16658"}],"wp:attachment":[{"href":"https:\/\/scurtpe2.ro\/index.php?rest_route=%2Fwp%2Fv2%2Fmedia&parent=16657"}],"wp:term":[{"taxonomy":"category","embeddable":true,"href":"https:\/\/scurtpe2.ro\/index.php?rest_route=%2Fwp%2Fv2%2Fcategories&post=16657"},{"taxonomy":"post_tag","embeddable":true,"href":"https:\/\/scurtpe2.ro\/index.php?rest_route=%2Fwp%2Fv2%2Ftags&post=16657"}],"curies":[{"name":"wp","href":"https:\/\/api.w.org\/{rel}","templated":true}]}}