{"id":16627,"date":"2023-01-30T16:37:53","date_gmt":"2023-01-30T13:37:53","guid":{"rendered":"https:\/\/scurtpe2.ro\/?p=16627"},"modified":"2023-01-30T16:37:53","modified_gmt":"2023-01-30T13:37:53","slug":"planuri-pentru-2023","status":"publish","type":"post","link":"https:\/\/scurtpe2.ro\/?p=16627","title":{"rendered":"PLANURI PENTRU 2023"},"content":{"rendered":"<p>Reprezentan\u021bii Muzeului Municipal ,,Octavian Mo\u0219escu&#8221;\u009d din R\u00e2mnicu S\u0103rat au planuri ambi\u021bioase \u00een acest an. Organizarea unor expozi\u021bii lunare, refacerea Sec\u021biei de Etnografie \u0219i deschiderea Sec\u021biei de Istorie sunt c\u00e2teva dintre obiectivele muzeului, \u00een perioada urm\u0103toare.<\/p>\n<p>Muzeul Municipal R\u00e2mnicu S\u0103rat a fost \u00eenfiin\u021bat \u00een anul 1960 \u0219i func\u021bioneaz\u0103 \u00een cl\u0103direa fostei St\u0103re\u021bii care apar\u021bine M\u00e2n\u0103stirii cu hramul &#8222;\u0153Adormirea Maicii Domnului&#8221;\u009d, monument istoric din secolul XIX, aflat pe Lista Monumentelor Istorice.<\/p>\n","protected":false},"excerpt":{"rendered":"<p>Reprezentan\u021bii Muzeului Municipal ,,Octavian Mo\u0219escu&#8221;\u009d din R\u00e2mnicu S\u0103rat au planuri ambi\u021bioase \u00een acest an. Organizarea unor expozi\u021bii lunare, refacerea Sec\u021biei de Etnografie \u0219i deschiderea Sec\u021biei de Istorie sunt c\u00e2teva dintre obiectivele muzeului, \u00een perioada urm\u0103toare. Muzeul Municipal R\u00e2mnicu S\u0103rat a fost \u00eenfiin\u021bat \u00een anul 1960 \u0219i func\u021bioneaz\u0103 \u00een cl\u0103direa fostei St\u0103re\u021bii care apar\u021bine M\u00e2n\u0103stirii cu hramul &#8222;\u0153Adormirea Maicii Domnului&#8221;\u009d, monument istoric din secolul XIX, aflat pe Lista Monumentelor Istorice.<\/p>\n","protected":false},"author":4,"featured_media":14703,"comment_status":"closed","ping_status":"closed","sticky":false,"template":"","format":"standard","meta":{"footnotes":""},"categories":[165],"tags":[6052,615,619],"class_list":["post-16627","post","type-post","status-publish","format-standard","has-post-thumbnail","hentry","category-informatia-de-ramnic","tag-etnografie","tag-expozitie","tag-muzeu-municipal"],"gutentor_comment":0,"_links":{"self":[{"href":"https:\/\/scurtpe2.ro\/index.php?rest_route=\/wp\/v2\/posts\/16627","targetHints":{"allow":["GET"]}}],"collection":[{"href":"https:\/\/scurtpe2.ro\/index.php?rest_route=\/wp\/v2\/posts"}],"about":[{"href":"https:\/\/scurtpe2.ro\/index.php?rest_route=\/wp\/v2\/types\/post"}],"author":[{"embeddable":true,"href":"https:\/\/scurtpe2.ro\/index.php?rest_route=\/wp\/v2\/users\/4"}],"replies":[{"embeddable":true,"href":"https:\/\/scurtpe2.ro\/index.php?rest_route=%2Fwp%2Fv2%2Fcomments&post=16627"}],"version-history":[{"count":1,"href":"https:\/\/scurtpe2.ro\/index.php?rest_route=\/wp\/v2\/posts\/16627\/revisions"}],"predecessor-version":[{"id":16628,"href":"https:\/\/scurtpe2.ro\/index.php?rest_route=\/wp\/v2\/posts\/16627\/revisions\/16628"}],"wp:featuredmedia":[{"embeddable":true,"href":"https:\/\/scurtpe2.ro\/index.php?rest_route=\/wp\/v2\/media\/14703"}],"wp:attachment":[{"href":"https:\/\/scurtpe2.ro\/index.php?rest_route=%2Fwp%2Fv2%2Fmedia&parent=16627"}],"wp:term":[{"taxonomy":"category","embeddable":true,"href":"https:\/\/scurtpe2.ro\/index.php?rest_route=%2Fwp%2Fv2%2Fcategories&post=16627"},{"taxonomy":"post_tag","embeddable":true,"href":"https:\/\/scurtpe2.ro\/index.php?rest_route=%2Fwp%2Fv2%2Ftags&post=16627"}],"curies":[{"name":"wp","href":"https:\/\/api.w.org\/{rel}","templated":true}]}}