{"id":16551,"date":"2023-01-20T19:10:51","date_gmt":"2023-01-20T16:10:51","guid":{"rendered":"https:\/\/scurtpe2.ro\/?p=16551"},"modified":"2023-01-20T19:10:51","modified_gmt":"2023-01-20T16:10:51","slug":"arestat-pentru-ultraj","status":"publish","type":"post","link":"https:\/\/scurtpe2.ro\/?p=16551","title":{"rendered":"ARESTAT PENTRU ULTRAJ"},"content":{"rendered":"<p>Un t\u00e2n\u0103r din Br\u0103e\u0219ti a fost arestat pentru 30 de zile pentru ultraj. Totul a pornit de la un scandal \u00eentre el \u0219i so\u021bia sa, care a avut loc \u00een urm\u0103 cu c\u00e2teva zile. B\u0103rbatul, tat\u0103 a 4 copii, to\u021bi minori, era cunoscut \u00een sat drept o persoan\u0103 violent\u0103, care \u00ee\u0219i agresa frecvent so\u021bia. Aceasta, s\u0103tul\u0103 de b\u0103t\u0103i, a plecat cu copiii la p\u0103rin\u021bii s\u0103i, \u00eentr-un sat \u00eenvecinat. Fiind b\u0103ut, b\u0103rbatul a mers dup\u0103 ea \u0219i, de fa\u021b\u0103 cu socrii s\u0103i, \u0219i-a amenin\u021bat din nou so\u021bia. El a reu\u0219it atunci s\u0103-l ia \u00een bra\u021be pe copilul de 11 luni \u0219i s\u0103 plece spre cas\u0103. \u00centre timp, mama copilului a sunat la poli\u021bie.<\/p>\n<p>Sosirea poli\u021bi\u0219tilor l-a iritat \u0219i mai mult pe b\u0103rbat. El \u0219i-a folosit copilul de 11 luni drept scut, pentru a nu fi \u00eenc\u0103tu\u0219at de c\u0103tre oamenii legii. Pe toat\u0103 durata negocierilor, b\u0103rbatul a \u00eencercat \u00een repetate r\u00e2nduri s\u0103 \u00eei atace pe poli\u021bi\u0219ti. Totul s-a \u00eencheiat abia dup\u0103 ce b\u0103rbatul a fost de acord s\u0103 dea copilul so\u021biei sale, cu condi\u021bia ca poli\u021bi\u0219tii s\u0103 plece. Abia c\u00e2nd oamenii legii l-au v\u0103zut pe copil \u00een siguran\u021b\u0103, l-au imobilizat pe b\u0103rbatul agresiv.<\/p>\n<p>Pe numele s\u0103u, poli\u021bi\u0219tii au emis ordin de protec\u021bie provizoriu \u0219i au demarat cercet\u0103ri pentru violen\u021b\u0103 \u00een familie. Ulterior, \u00een urma probatoriului \u0219i a pl\u00e2ngerii formulate de c\u0103tre doi dintre poli\u021bi\u0219tii care au intervenit la cazul de violen\u021b\u0103 domestic\u0103, Parchetul de pe l\u00e2ng\u0103 Judec\u0103toria P\u0103t\u00e2rlagele a dispus continuarea urm\u0103ririi penale fa\u021b\u0103 de b\u0103rbat pentru ultraj. Judec\u0103torul a dispus ieri, arestarea acestuia pentru 30 de zile.<\/p>\n","protected":false},"excerpt":{"rendered":"<p>Un t\u00e2n\u0103r din Br\u0103e\u0219ti a fost arestat pentru 30 de zile pentru ultraj. Totul a pornit de la un scandal \u00eentre el \u0219i so\u021bia sa, care a avut loc \u00een urm\u0103 cu c\u00e2teva zile. B\u0103rbatul, tat\u0103 a 4 copii, to\u021bi minori, era cunoscut \u00een sat drept o persoan\u0103 violent\u0103, care \u00ee\u0219i agresa frecvent so\u021bia. Aceasta, s\u0103tul\u0103 de b\u0103t\u0103i, a plecat cu copiii la p\u0103rin\u021bii s\u0103i, \u00eentr-un sat \u00eenvecinat. Fiind b\u0103ut, b\u0103rbatul a mers dup\u0103 ea \u0219i, de fa\u021b\u0103 cu socrii s\u0103i, \u0219i-a amenin\u021bat din nou so\u021bia. El a reu\u0219it atunci&hellip;<\/p>\n","protected":false},"author":4,"featured_media":16552,"comment_status":"closed","ping_status":"closed","sticky":false,"template":"","format":"standard","meta":{"footnotes":""},"categories":[168],"tags":[6020,2604,6022,915,6021],"class_list":["post-16551","post","type-post","status-publish","format-standard","has-post-thumbnail","hentry","category-informatia-de-buzau","tag-barbat-agresiv","tag-copil","tag-ordin-de-protectie","tag-politisti","tag-ultraj"],"gutentor_comment":0,"_links":{"self":[{"href":"https:\/\/scurtpe2.ro\/index.php?rest_route=\/wp\/v2\/posts\/16551","targetHints":{"allow":["GET"]}}],"collection":[{"href":"https:\/\/scurtpe2.ro\/index.php?rest_route=\/wp\/v2\/posts"}],"about":[{"href":"https:\/\/scurtpe2.ro\/index.php?rest_route=\/wp\/v2\/types\/post"}],"author":[{"embeddable":true,"href":"https:\/\/scurtpe2.ro\/index.php?rest_route=\/wp\/v2\/users\/4"}],"replies":[{"embeddable":true,"href":"https:\/\/scurtpe2.ro\/index.php?rest_route=%2Fwp%2Fv2%2Fcomments&post=16551"}],"version-history":[{"count":1,"href":"https:\/\/scurtpe2.ro\/index.php?rest_route=\/wp\/v2\/posts\/16551\/revisions"}],"predecessor-version":[{"id":16553,"href":"https:\/\/scurtpe2.ro\/index.php?rest_route=\/wp\/v2\/posts\/16551\/revisions\/16553"}],"wp:featuredmedia":[{"embeddable":true,"href":"https:\/\/scurtpe2.ro\/index.php?rest_route=\/wp\/v2\/media\/16552"}],"wp:attachment":[{"href":"https:\/\/scurtpe2.ro\/index.php?rest_route=%2Fwp%2Fv2%2Fmedia&parent=16551"}],"wp:term":[{"taxonomy":"category","embeddable":true,"href":"https:\/\/scurtpe2.ro\/index.php?rest_route=%2Fwp%2Fv2%2Fcategories&post=16551"},{"taxonomy":"post_tag","embeddable":true,"href":"https:\/\/scurtpe2.ro\/index.php?rest_route=%2Fwp%2Fv2%2Ftags&post=16551"}],"curies":[{"name":"wp","href":"https:\/\/api.w.org\/{rel}","templated":true}]}}