{"id":16535,"date":"2023-01-18T19:24:32","date_gmt":"2023-01-18T16:24:32","guid":{"rendered":"https:\/\/scurtpe2.ro\/?p=16535"},"modified":"2023-01-19T09:26:59","modified_gmt":"2023-01-19T06:26:59","slug":"investitii-de-anvergura","status":"publish","type":"post","link":"https:\/\/scurtpe2.ro\/?p=16535","title":{"rendered":"INVESTI\u021aII DE ANVERGUR\u0102"},"content":{"rendered":"<p>Autorit\u0103\u021bile locale din R\u00e2mnicu S\u0103rat\u00c2\u00a0\u0219i-au\u00c2\u00a0propus demararea unor investi\u021bii de anvergur\u0103 pentru dezvoltarea comunit\u0103\u021bii.\u00c2\u00a0Consilierii locali au aprobat, ieri, unul dintre cele mai importante proiecte de dezvoltare a municipiului. Este vorba de obiectivul care vizeaz\u0103 reabilitarea \u0219i modernizarea unor drumuri de interes local \u00een municipiul Ramnicu Sarat, investi\u021bie aprobat\u0103\u00c2\u00a0<a href=\"http:\/\/primariermsarat.ro\/primarie_ramnicusarat\/sites\/default\/files\/inline-files\/P1_2.pdf\">\u00c2\u00a0pentru finan\u021bare \u00een cadrul Programului Na\u021bional de Investi\u021bii &#8222;Anghel Saligny&#8221;<\/a>. Proiectul\u00c2\u00a0vizeaz\u0103 asfaltarea\u00c2\u00a0mai multor\u00c2\u00a0str\u0103zi\u00c2\u00a0de pe Drumul European\u00c2\u00a085.<\/p>\n<p>Consilierii locali au votat caracteristicile principale, precum \u0219i indicatorii tehnico-economici actualiza\u021bi ai obiectivului de investi\u021bii.<\/p>\n<p>Pe parcursul acestui an, administra\u021bia local\u0103 din R\u00e2mnicu S\u0103rat inten\u021bioneaz\u0103 s\u0103 modernizeze mai multe artere din municipiu.<\/p>\n","protected":false},"excerpt":{"rendered":"<p>Autorit\u0103\u021bile locale din R\u00e2mnicu S\u0103rat\u00c2\u00a0\u0219i-au\u00c2\u00a0propus demararea unor investi\u021bii de anvergur\u0103 pentru dezvoltarea comunit\u0103\u021bii.\u00c2\u00a0Consilierii locali au aprobat, ieri, unul dintre cele mai importante proiecte de dezvoltare a municipiului. Este vorba de obiectivul care vizeaz\u0103 reabilitarea \u0219i modernizarea unor drumuri de interes local \u00een municipiul Ramnicu Sarat, investi\u021bie aprobat\u0103\u00c2\u00a0\u00c2\u00a0pentru finan\u021bare \u00een cadrul Programului Na\u021bional de Investi\u021bii &#8222;Anghel Saligny&#8221;. Proiectul\u00c2\u00a0vizeaz\u0103 asfaltarea\u00c2\u00a0mai multor\u00c2\u00a0str\u0103zi\u00c2\u00a0de pe Drumul European\u00c2\u00a085. Consilierii locali au votat caracteristicile principale, precum \u0219i indicatorii tehnico-economici actualiza\u021bi ai obiectivului de investi\u021bii. Pe parcursul acestui an, administra\u021bia local\u0103 din R\u00e2mnicu S\u0103rat inten\u021bioneaz\u0103 s\u0103 modernizeze mai&hellip;<\/p>\n","protected":false},"author":4,"featured_media":16536,"comment_status":"closed","ping_status":"closed","sticky":false,"template":"","format":"standard","meta":{"footnotes":""},"categories":[173,165],"tags":[215,5187,1011,6005],"class_list":["post-16535","post","type-post","status-publish","format-standard","has-post-thumbnail","hentry","category-administrativ","category-informatia-de-ramnic","tag-consiliu-local-municipal","tag-drum-european","tag-investitii","tag-modernizare-artere"],"gutentor_comment":0,"_links":{"self":[{"href":"https:\/\/scurtpe2.ro\/index.php?rest_route=\/wp\/v2\/posts\/16535","targetHints":{"allow":["GET"]}}],"collection":[{"href":"https:\/\/scurtpe2.ro\/index.php?rest_route=\/wp\/v2\/posts"}],"about":[{"href":"https:\/\/scurtpe2.ro\/index.php?rest_route=\/wp\/v2\/types\/post"}],"author":[{"embeddable":true,"href":"https:\/\/scurtpe2.ro\/index.php?rest_route=\/wp\/v2\/users\/4"}],"replies":[{"embeddable":true,"href":"https:\/\/scurtpe2.ro\/index.php?rest_route=%2Fwp%2Fv2%2Fcomments&post=16535"}],"version-history":[{"count":1,"href":"https:\/\/scurtpe2.ro\/index.php?rest_route=\/wp\/v2\/posts\/16535\/revisions"}],"predecessor-version":[{"id":16537,"href":"https:\/\/scurtpe2.ro\/index.php?rest_route=\/wp\/v2\/posts\/16535\/revisions\/16537"}],"wp:featuredmedia":[{"embeddable":true,"href":"https:\/\/scurtpe2.ro\/index.php?rest_route=\/wp\/v2\/media\/16536"}],"wp:attachment":[{"href":"https:\/\/scurtpe2.ro\/index.php?rest_route=%2Fwp%2Fv2%2Fmedia&parent=16535"}],"wp:term":[{"taxonomy":"category","embeddable":true,"href":"https:\/\/scurtpe2.ro\/index.php?rest_route=%2Fwp%2Fv2%2Fcategories&post=16535"},{"taxonomy":"post_tag","embeddable":true,"href":"https:\/\/scurtpe2.ro\/index.php?rest_route=%2Fwp%2Fv2%2Ftags&post=16535"}],"curies":[{"name":"wp","href":"https:\/\/api.w.org\/{rel}","templated":true}]}}