{"id":16287,"date":"2022-12-05T13:01:42","date_gmt":"2022-12-05T10:01:42","guid":{"rendered":"https:\/\/scurtpe2.ro\/?p=16287"},"modified":"2022-12-05T13:01:42","modified_gmt":"2022-12-05T10:01:42","slug":"anunt-public-actualizare-integrala-a-planului-urbanistic-general-al-mun-buzau-initiator-primaria-municipiului-buzau","status":"publish","type":"post","link":"https:\/\/scurtpe2.ro\/?p=16287","title":{"rendered":"Stima\u021bi cet\u00c4\u0192\u021beni,\r\n\r\n<strong>Prim\u00c4\u0192ria Municipiului Buz\u00c4\u0192u a demarat procesul de actualizare \u0219i revizuire a Planului Urbanistic General (P.U.G.).<\/strong>\r\n\r\nAv\u0103nd \u00een vedere:\r\n<ul>\r\n \t<li>Ordinul nr. 2701\/2010 al Ministerului Dezvolt\u00c4\u0192rii Regionale \u0219i Turismului -\u017e<em>pentru aprobarea metodologiei de informare \u0219i consultare a publicului cu privire la elaborarea sau revizuirea planurilor de amenajare a teritoriului \u0219i de urbanism-\u009d<\/em>;<\/li>\r\n \t<li>C.L. nr. 66\/2011 -\u017e<em>pentru aprobarea Regulamentului Local referitor la implicarea publicului \u00een elaborarea sau revizuirea planurilor de amenajare a teritoriului \u0219i de urbanism-\u009d<\/em>;<\/li>\r\n \t<li>C.L. nr. 255\/2019 -\u017e<em>privind prelungirea termenului de valabilitate a P.U.G. aprobat prin H.C.L. nr. 235\/2009<\/em><em>-\u009d<\/em>;<\/li>\r\n<\/ul>\r\nse face cunoscut\u00c4\u0192 publicului documenta\u021bia urbanistic\u00c4\u0192 aferent\u00c4\u0192 <strong><u>etapei elabor\u00c4\u0192rii propunerilor, ce vor fi supuse procesului de avizare<\/u>,<\/strong> pentru noul Plan Urbanistic General.\r\n\r\n\u00cen prezent, echipa de proiect a realizat versiunea preliminar\u00c4\u0192 a noului P.U.G., ce poate fi consultat\u00c4\u0192<strong> la avizierul Prim\u00c4\u0192riei <\/strong>situat la parterul blocului C1 (\u00een vecin\u00c4\u0192tatea Hotelului Coroana),<strong> \u0219i pe site-ul www.primariabuzau.ro <\/strong>&gt; sec\u021biunea Urbanism &gt; Anun\u021buri publice privind documenta\u021bii de urbanism,<strong> \u00een perioada<\/strong> <strong>16.11.2022 -\u201c 30.12.2022.<\/strong>\r\n\r\nSe vor realiza 3 \u0219edin\u021be publice cu participarea echipei de proiectare, dup\u00c4\u0192 cum urmeaz\u00c4\u0192:\r\n<ul>\r\n \t<li>Prima dezbatere public\u00c4\u0192 pentru etapa elabor\u00c4\u0192rii propunerilor, \u00eempreun\u00c4\u0192 cu reprezentan\u021bii institu\u021biilor din Municipiul Buz\u00c4\u0192u, va avea loc luni, 21.11.2022, ora 11.00, \u00een sala 13 din cadrul prim\u00c4\u0192riei, prin intermediul c\u00c4\u0192reia se vor face cunoscute: noile unit\u00c4\u0192\u021bi teritoriale de referin\u021b\u00c4\u0192 (U.T.R.) \u00eempreun\u00c4\u0192 cu reglement\u00c4\u0192rile \u0219i indicatorii urbanistici; noul concept cu privire la circula\u021bii (concept radial concentric); zonele istorice protejate existente \u0219i propuse.<\/li>\r\n \t<li>Urm\u00c4\u0192toarele dou\u00c4\u0192 \u0219edin\u021be publice (cu participarea urbani\u0219tilor, arhitec\u021bilor, speciali\u0219tilor \u00een domeniu; respectiv cu participarea cet\u00c4\u0192\u021benilor) se va anun\u021ba ulterior, pe parcursul perioadei de informare, data, ora, locul \u0219i programul prezent\u00c4\u0192rii \/ dezbaterilor.<\/li>\r\n<\/ul>\r\n<strong>Propunerile \/ observa\u021biile vor fi transmise prin po\u0219t\u00c4\u0192 (Prim\u00c4\u0192ria Buz\u00c4\u0192u, Pia\u021ba Daciei, nr. 1) sau on-line (<\/strong><a href=\"mailto:cristina.stoicescu@primariabuzau.ro\"><strong>cristina.stoicescu@primariabuzau.ro<\/strong><\/a><strong>)<\/strong><strong>, p\u0103n\u00c4\u0192 la data de 15.12.2022.<\/strong>\r\n\r\nR\u00c4\u0192spunsul la observa\u021biile transmise va fi afi\u0219at pe pagina de internet a Prim\u00c4\u0192riei Municipiului Buz\u00c4\u0192u &#8211; www.primariabuzau.ro &#8211; \u00een perioada: <strong>16.12.2022 -\u201c 30.12.2022.<\/strong>\r\n<p style=\"text-align: right;\">Cu stim\u00c4\u0192,<\/p>\r\n<p style=\"text-align: right;\"><strong>Primarul Municipiului Buz\u00c4\u0192u,<\/strong><\/p>\r\n<p style=\"text-align: right;\"><strong>Constantin Toma<\/strong><\/p>\r\n<img class=\"alignnone size-medium wp-image-16288\" src=\"https:\/\/scurtpe2.ro\/wp-content\/uploads\/2022\/12\/ANUNT-Informare-publica-PUG-preliminar-660x365.jpg\" alt=\"\" width=\"660\" height=\"365\" \/>"},"content":{"rendered":"<p>Stima\u021bi cet\u0103\u021beni,<\/p>\n<p><strong>Prim\u0103ria Municipiului Buz\u0103u a demarat procesul de actualizare \u0219i revizuire a Planului Urbanistic General (P.U.G.).<\/strong><\/p>\n<p>Av\u0103nd \u00een vedere:<\/p>\n<ul>\n<li>Ordinul nr. 2701\/2010 al Ministerului Dezvolt\u0103rii Regionale \u0219i Turismului &#8222;\u017e<em>pentru aprobarea metodologiei de informare \u0219i consultare a publicului cu privire la elaborarea sau revizuirea planurilor de amenajare a teritoriului \u0219i de urbanism&#8221;\u009d<\/em>;<\/li>\n<li>C.L. nr. 66\/2011 &#8222;\u017e<em>pentru aprobarea Regulamentului Local referitor la implicarea publicului \u00een elaborarea sau revizuirea planurilor de amenajare a teritoriului \u0219i de urbanism&#8221;\u009d<\/em>;<\/li>\n<li>C.L. nr. 255\/2019 &#8222;\u017e<em>privind prelungirea termenului de valabilitate a P.U.G. aprobat prin H.C.L. nr. 235\/2009<\/em><em>&#8222;\u009d<\/em>;<\/li>\n<\/ul>\n<p>se face cunoscut\u0103 publicului documenta\u021bia urbanistic\u0103 aferent\u0103 <strong><u>etapei elabor\u0103rii propunerilor, ce vor fi supuse procesului de avizare<\/u>,<\/strong> pentru noul Plan Urbanistic General.<\/p>\n<p>\u00cen prezent, echipa de proiect a realizat versiunea preliminar\u0103 a noului P.U.G., ce poate fi consultat\u0103<strong> la avizierul Prim\u0103riei <\/strong>situat la parterul blocului C1 (\u00een vecin\u0103tatea Hotelului Coroana),<strong> \u0219i pe site-ul www.primariabuzau.ro <\/strong>&gt; sec\u021biunea Urbanism &gt; Anun\u021buri publice privind documenta\u021bii de urbanism,<strong> \u00een perioada<\/strong> <strong>16.11.2022 &#8222;\u201c 30.12.2022.<\/strong><\/p>\n<p>Se vor realiza 3 \u0219edin\u021be publice cu participarea echipei de proiectare, dup\u0103 cum urmeaz\u0103:<\/p>\n<ul>\n<li>Prima dezbatere public\u0103 pentru etapa elabor\u0103rii propunerilor, \u00eempreun\u0103 cu reprezentan\u021bii institu\u021biilor din Municipiul Buz\u0103u, va avea loc luni, 21.11.2022, ora 11.00, \u00een sala 13 din cadrul prim\u0103riei, prin intermediul c\u0103reia se vor face cunoscute: noile unit\u0103\u021bi teritoriale de referin\u021b\u0103 (U.T.R.) \u00eempreun\u0103 cu reglement\u0103rile \u0219i indicatorii urbanistici; noul concept cu privire la circula\u021bii (concept radial concentric); zonele istorice protejate existente \u0219i propuse.<\/li>\n<li>Urm\u0103toarele dou\u0103 \u0219edin\u021be publice (cu participarea urbani\u0219tilor, arhitec\u021bilor, speciali\u0219tilor \u00een domeniu; respectiv cu participarea cet\u0103\u021benilor) se va anun\u021ba ulterior, pe parcursul perioadei de informare, data, ora, locul \u0219i programul prezent\u0103rii \/ dezbaterilor.<\/li>\n<\/ul>\n<p><strong>Propunerile \/ observa\u021biile vor fi transmise prin po\u0219t\u0103 (Prim\u0103ria Buz\u0103u, Pia\u021ba Daciei, nr. 1) sau on-line (<\/strong><a href=\"mailto:cristina.stoicescu@primariabuzau.ro\"><strong>cristina.stoicescu@primariabuzau.ro<\/strong><\/a><strong>)<\/strong><strong>, p\u0103n\u0103 la data de 15.12.2022.<\/strong><\/p>\n<p>R\u0103spunsul la observa\u021biile transmise va fi afi\u0219at pe pagina de internet a Prim\u0103riei Municipiului Buz\u0103u &#8211; www.primariabuzau.ro &#8211; \u00een perioada: <strong>16.12.2022 &#8222;\u201c 30.12.2022.<\/strong><\/p>\n<p style=\"text-align: right;\">Cu stim\u0103,<\/p>\n<p style=\"text-align: right;\"><strong>Primarul Municipiului Buz\u0103u,<\/strong><\/p>\n<p style=\"text-align: right;\"><strong>Constantin Toma<\/strong><\/p>\n<p><img loading=\"lazy\" decoding=\"async\" class=\"alignnone size-medium wp-image-16288\" src=\"https:\/\/scurtpe2.ro\/wp-content\/uploads\/2022\/12\/ANUNT-Informare-publica-PUG-preliminar-660x365.jpg\" alt=\"\" width=\"660\" height=\"365\" \/><\/p>\n","protected":false},"excerpt":{"rendered":"<p>Stima\u021bi cet\u0103\u021beni, Prim\u0103ria Municipiului Buz\u0103u a demarat procesul de actualizare \u0219i revizuire a Planului Urbanistic General (P.U.G.). Av\u0103nd \u00een vedere: Ordinul nr. 2701\/2010 al Ministerului Dezvolt\u0103rii Regionale \u0219i Turismului &#8222;\u017epentru aprobarea metodologiei de informare \u0219i consultare a publicului cu privire la elaborarea sau revizuirea planurilor de amenajare a teritoriului \u0219i de urbanism&#8221;\u009d; C.L. nr. 66\/2011 &#8222;\u017epentru aprobarea Regulamentului Local referitor la implicarea publicului \u00een elaborarea sau revizuirea planurilor de amenajare a teritoriului \u0219i de urbanism&#8221;\u009d; C.L. nr. 255\/2019 &#8222;\u017eprivind prelungirea termenului de valabilitate a P.U.G. aprobat prin H.C.L. nr. 235\/2009&#8222;\u009d;&hellip;<\/p>\n","protected":false},"author":4,"featured_media":14875,"comment_status":"closed","ping_status":"closed","sticky":false,"template":"","format":"standard","meta":{"footnotes":""},"categories":[157],"tags":[],"class_list":["post-16287","post","type-post","status-publish","format-standard","has-post-thumbnail","hentry","category-comunicare-primaria-buzau"],"gutentor_comment":0,"_links":{"self":[{"href":"https:\/\/scurtpe2.ro\/index.php?rest_route=\/wp\/v2\/posts\/16287","targetHints":{"allow":["GET"]}}],"collection":[{"href":"https:\/\/scurtpe2.ro\/index.php?rest_route=\/wp\/v2\/posts"}],"about":[{"href":"https:\/\/scurtpe2.ro\/index.php?rest_route=\/wp\/v2\/types\/post"}],"author":[{"embeddable":true,"href":"https:\/\/scurtpe2.ro\/index.php?rest_route=\/wp\/v2\/users\/4"}],"replies":[{"embeddable":true,"href":"https:\/\/scurtpe2.ro\/index.php?rest_route=%2Fwp%2Fv2%2Fcomments&post=16287"}],"version-history":[{"count":1,"href":"https:\/\/scurtpe2.ro\/index.php?rest_route=\/wp\/v2\/posts\/16287\/revisions"}],"predecessor-version":[{"id":16289,"href":"https:\/\/scurtpe2.ro\/index.php?rest_route=\/wp\/v2\/posts\/16287\/revisions\/16289"}],"wp:featuredmedia":[{"embeddable":true,"href":"https:\/\/scurtpe2.ro\/index.php?rest_route=\/wp\/v2\/media\/14875"}],"wp:attachment":[{"href":"https:\/\/scurtpe2.ro\/index.php?rest_route=%2Fwp%2Fv2%2Fmedia&parent=16287"}],"wp:term":[{"taxonomy":"category","embeddable":true,"href":"https:\/\/scurtpe2.ro\/index.php?rest_route=%2Fwp%2Fv2%2Fcategories&post=16287"},{"taxonomy":"post_tag","embeddable":true,"href":"https:\/\/scurtpe2.ro\/index.php?rest_route=%2Fwp%2Fv2%2Ftags&post=16287"}],"curies":[{"name":"wp","href":"https:\/\/api.w.org\/{rel}","templated":true}]}}