{"id":16282,"date":"2022-12-02T20:15:20","date_gmt":"2022-12-02T17:15:20","guid":{"rendered":"https:\/\/scurtpe2.ro\/?p=16282"},"modified":"2022-12-02T20:15:20","modified_gmt":"2022-12-02T17:15:20","slug":"s-a-dat-startul-sarbatorilor-de-iarna","status":"publish","type":"post","link":"https:\/\/scurtpe2.ro\/?p=16282","title":{"rendered":"S-A DAT STARTUL S\u0102RB\u0102TORILOR DE IARN\u0102"},"content":{"rendered":"<p>S\u0103rb\u0103torile de iarn\u0103 au \u00eenceput oficial, la Buz\u0103u. \u00cen premier\u0103, Consiliul Jude\u021bean a organizat un t\u00e2rg de Cr\u0103ciun \u00een Gr\u0103dina Public\u0103 a Centrului Muzeal I.C. Br\u0103tianu, recent inaugurat. Mai multe c\u0103su\u021be din lemn, decorate cu ghirlande, i-au \u00eent\u00e2mpinat pe \u00c2\u00a0iubitorii de tradi\u021bie cu produse specifice s\u0103rb\u0103torilor de iarn\u0103. Noul t\u00e2rg a fost luat cu asalt de cei mici, care au fost cei mai \u00eenc\u00e2nta\u021bi de feeria de lumini. T\u00e2rgul de Cr\u0103ciun, organizat de Consiliul Jude\u021bean va fi deschis, zilnic, \u00eentre orele 14.00 \u0219i 19.00, p\u00e2n\u0103 pe 23 decembrie. Pe 21 decembrie \u00een t\u00e2rg va avea loc un concert de colinde sus\u021binut de Cornelia \u0219i Lupu Rednic, iar copiii se vor \u00eent\u00e2ni cu Mo\u0219 Cr\u0103ciun \u0219i vor primi cadouri.<\/p>\n<p>Tot asear\u0103 au fost inaugurate \u00een Parcul Cr\u00e2ng, T\u00e2rgul de Cr\u0103ciun \u0219i Or\u0103\u0219elul Copiilor. Prim\u0103ria municipiului Buz\u0103u, organizatoarea acestor evenimente, a decis ca plasa de lumini din t\u00e2rg s\u0103 fie prins\u0103 de Obelisc, ceea ce a creat o atmosfer\u0103 de poveste. Pe aleea dinspre Poarta Cr\u00e2ngului au fost montate zeci de c\u0103su\u021be \u0219i mai multe rulote cu produse de sezon. De asemenea, pentru c\u0103 spa\u021biul este mult mai generos dec\u00e2t \u00een centrul ora\u0219ului, \u00een Parcul Cr\u00e2ng au fost aduse \u0219i comedii. Ca \u0219i \u00een al\u021bi ani, \u00een T\u00e2rgul de Cr\u0103ciun, spre sear\u0103, vor avea loc mai multe spectacole.<\/p>\n<p>Tot \u00een Parcul Cr\u00e2ng va fi organizat \u0219i Revelionul. Este pentru prima dat\u0103 c\u00e2nd evenimentele organizate de Prim\u0103ria Buz\u0103u, de s\u0103rb\u0103tori, nu mai au loc pe platoul din Pia\u021ba Dacia, deoarece zona central\u0103 a ora\u0219ului se afl\u0103 \u00eenc\u0103 \u00een reabilitare.<\/p>\n","protected":false},"excerpt":{"rendered":"<p>S\u0103rb\u0103torile de iarn\u0103 au \u00eenceput oficial, la Buz\u0103u. \u00cen premier\u0103, Consiliul Jude\u021bean a organizat un t\u00e2rg de Cr\u0103ciun \u00een Gr\u0103dina Public\u0103 a Centrului Muzeal I.C. Br\u0103tianu, recent inaugurat. Mai multe c\u0103su\u021be din lemn, decorate cu ghirlande, i-au \u00eent\u00e2mpinat pe \u00c2\u00a0iubitorii de tradi\u021bie cu produse specifice s\u0103rb\u0103torilor de iarn\u0103. Noul t\u00e2rg a fost luat cu asalt de cei mici, care au fost cei mai \u00eenc\u00e2nta\u021bi de feeria de lumini. T\u00e2rgul de Cr\u0103ciun, organizat de Consiliul Jude\u021bean va fi deschis, zilnic, \u00eentre orele 14.00 \u0219i 19.00, p\u00e2n\u0103 pe 23 decembrie. Pe 21&hellip;<\/p>\n","protected":false},"author":4,"featured_media":16283,"comment_status":"closed","ping_status":"closed","sticky":false,"template":"","format":"standard","meta":{"footnotes":""},"categories":[168],"tags":[5901,5933,5035,5492,5932],"class_list":["post-16282","post","type-post","status-publish","format-standard","has-post-thumbnail","hentry","category-informatia-de-buzau","tag-centrul-bratianu","tag-lumini","tag-sarbatori-de-iarna","tag-spectacole","tag-targ-de-craciun"],"gutentor_comment":0,"_links":{"self":[{"href":"https:\/\/scurtpe2.ro\/index.php?rest_route=\/wp\/v2\/posts\/16282","targetHints":{"allow":["GET"]}}],"collection":[{"href":"https:\/\/scurtpe2.ro\/index.php?rest_route=\/wp\/v2\/posts"}],"about":[{"href":"https:\/\/scurtpe2.ro\/index.php?rest_route=\/wp\/v2\/types\/post"}],"author":[{"embeddable":true,"href":"https:\/\/scurtpe2.ro\/index.php?rest_route=\/wp\/v2\/users\/4"}],"replies":[{"embeddable":true,"href":"https:\/\/scurtpe2.ro\/index.php?rest_route=%2Fwp%2Fv2%2Fcomments&post=16282"}],"version-history":[{"count":1,"href":"https:\/\/scurtpe2.ro\/index.php?rest_route=\/wp\/v2\/posts\/16282\/revisions"}],"predecessor-version":[{"id":16284,"href":"https:\/\/scurtpe2.ro\/index.php?rest_route=\/wp\/v2\/posts\/16282\/revisions\/16284"}],"wp:featuredmedia":[{"embeddable":true,"href":"https:\/\/scurtpe2.ro\/index.php?rest_route=\/wp\/v2\/media\/16283"}],"wp:attachment":[{"href":"https:\/\/scurtpe2.ro\/index.php?rest_route=%2Fwp%2Fv2%2Fmedia&parent=16282"}],"wp:term":[{"taxonomy":"category","embeddable":true,"href":"https:\/\/scurtpe2.ro\/index.php?rest_route=%2Fwp%2Fv2%2Fcategories&post=16282"},{"taxonomy":"post_tag","embeddable":true,"href":"https:\/\/scurtpe2.ro\/index.php?rest_route=%2Fwp%2Fv2%2Ftags&post=16282"}],"curies":[{"name":"wp","href":"https:\/\/api.w.org\/{rel}","templated":true}]}}