{"id":16279,"date":"2022-12-02T19:31:47","date_gmt":"2022-12-02T16:31:47","guid":{"rendered":"https:\/\/scurtpe2.ro\/?p=16279"},"modified":"2022-12-02T19:31:47","modified_gmt":"2022-12-02T16:31:47","slug":"congres-pentru-un-partid-mai-puternic","status":"publish","type":"post","link":"https:\/\/scurtpe2.ro\/?p=16279","title":{"rendered":"CONGRES PENTRU UN PARTID MAI PUTERNIC"},"content":{"rendered":"<p>Liderii din teritoriu ai Partidului Alternativa Dreapt\u0103 s-au reunit miercuri, 30 noiembrie, la Sibiu, \u00een cadrul unui Congres extraordinar. La reuniune au participat delega\u021bii organiza\u021biilor jude\u021bene \u0219i personalit\u0103\u021bi de seam\u0103 din mediul politic \u0219i privat.<\/p>\n<p>\u00cen cadrul lucr\u0103rilor Congresului de la Sibiu, delega\u021bii Partidului Alternativa Dreapt\u0103 \u0219i-au completat \u0219i \u00eembun\u0103t\u0103\u021bit statutul partidului \u0219i \u0219i-au l\u0103rgit echipa de conducere, dup\u0103 o serie de alegeri interne organizate zilele trecute.<\/p>\n<p>Astfel, Biroul Executiv Na\u021bional al forma\u021biunii politice \u0219i-a extins componen\u021ba, prin \u00eenfiin\u021barea unor noi func\u021bii de conducere. Este vorba despre \u00eenfiin\u021barea a 5 func\u021bii de coordonatori regionali, care vor avea sub \u00eendrumare organiza\u021bii din 6-7 jude\u021be ale \u021b\u0103rii. De asemenea, liderii din teritoriu ai Partidului Alternativa Dreapt\u0103 au decis \u00eenfiin\u021barea unei func\u021bii de vicepre\u0219edinte al partidului care se va ocupa de problemele diasporei.<\/p>\n<p>Astfel,\u00c2\u00a0 Alternativa Dreapt\u0103 devine singura forma\u021biune politic\u0103 din Rom\u00e2nia care propune o func\u021bie de conducere \u00een cadrul partidului, dedicat\u0103 rom\u00e2nilor din str\u0103in\u0103tate. Pre\u0219edintele Partidului Alternativa Dreapt\u0103, Adela M\u00e2rza, a declarat c\u0103 astfel de congrese vor mai avea loc \u00een perioada urm\u0103toare, tocmai pentru a consolida structura de conducere a forma\u021biunii, dar \u0219i pentru a preg\u0103ti partidul pentru viitoarele alegeri.<\/p>\n<p>Alternativa Dreapt\u0103 reprezint\u0103 singura forma\u021biune politic\u0103 din Rom\u00e2nia, membru cu drepturi depline \u00een familia conservatorilor \u0219i reformi\u0219tilor europeni, fapt reconfirmat la recentul eveniment desf\u0103\u0219urat, la Bucure\u0219ti, \u00een perioada 3-5 Noiembrie 2022.<\/p>\n","protected":false},"excerpt":{"rendered":"<p>Liderii din teritoriu ai Partidului Alternativa Dreapt\u0103 s-au reunit miercuri, 30 noiembrie, la Sibiu, \u00een cadrul unui Congres extraordinar. La reuniune au participat delega\u021bii organiza\u021biilor jude\u021bene \u0219i personalit\u0103\u021bi de seam\u0103 din mediul politic \u0219i privat. \u00cen cadrul lucr\u0103rilor Congresului de la Sibiu, delega\u021bii Partidului Alternativa Dreapt\u0103 \u0219i-au completat \u0219i \u00eembun\u0103t\u0103\u021bit statutul partidului \u0219i \u0219i-au l\u0103rgit echipa de conducere, dup\u0103 o serie de alegeri interne organizate zilele trecute. Astfel, Biroul Executiv Na\u021bional al forma\u021biunii politice \u0219i-a extins componen\u021ba, prin \u00eenfiin\u021barea unor noi func\u021bii de conducere. Este vorba despre \u00eenfiin\u021barea a 5&hellip;<\/p>\n","protected":false},"author":4,"featured_media":16280,"comment_status":"closed","ping_status":"closed","sticky":false,"template":"","format":"standard","meta":{"footnotes":""},"categories":[143],"tags":[5470,5931,4883,3606],"class_list":["post-16279","post","type-post","status-publish","format-standard","has-post-thumbnail","hentry","category-editoriale","tag-alternativa-dreapta","tag-congres","tag-diaspora","tag-lideri"],"gutentor_comment":0,"_links":{"self":[{"href":"https:\/\/scurtpe2.ro\/index.php?rest_route=\/wp\/v2\/posts\/16279","targetHints":{"allow":["GET"]}}],"collection":[{"href":"https:\/\/scurtpe2.ro\/index.php?rest_route=\/wp\/v2\/posts"}],"about":[{"href":"https:\/\/scurtpe2.ro\/index.php?rest_route=\/wp\/v2\/types\/post"}],"author":[{"embeddable":true,"href":"https:\/\/scurtpe2.ro\/index.php?rest_route=\/wp\/v2\/users\/4"}],"replies":[{"embeddable":true,"href":"https:\/\/scurtpe2.ro\/index.php?rest_route=%2Fwp%2Fv2%2Fcomments&post=16279"}],"version-history":[{"count":1,"href":"https:\/\/scurtpe2.ro\/index.php?rest_route=\/wp\/v2\/posts\/16279\/revisions"}],"predecessor-version":[{"id":16281,"href":"https:\/\/scurtpe2.ro\/index.php?rest_route=\/wp\/v2\/posts\/16279\/revisions\/16281"}],"wp:featuredmedia":[{"embeddable":true,"href":"https:\/\/scurtpe2.ro\/index.php?rest_route=\/wp\/v2\/media\/16280"}],"wp:attachment":[{"href":"https:\/\/scurtpe2.ro\/index.php?rest_route=%2Fwp%2Fv2%2Fmedia&parent=16279"}],"wp:term":[{"taxonomy":"category","embeddable":true,"href":"https:\/\/scurtpe2.ro\/index.php?rest_route=%2Fwp%2Fv2%2Fcategories&post=16279"},{"taxonomy":"post_tag","embeddable":true,"href":"https:\/\/scurtpe2.ro\/index.php?rest_route=%2Fwp%2Fv2%2Ftags&post=16279"}],"curies":[{"name":"wp","href":"https:\/\/api.w.org\/{rel}","templated":true}]}}