{"id":16261,"date":"2022-11-30T17:54:33","date_gmt":"2022-11-30T14:54:33","guid":{"rendered":"https:\/\/scurtpe2.ro\/?p=16261"},"modified":"2022-11-30T17:54:33","modified_gmt":"2022-11-30T14:54:33","slug":"150-de-ani-de-scoala","status":"publish","type":"post","link":"https:\/\/scurtpe2.ro\/?p=16261","title":{"rendered":"150 DE ANI DE \u0218COAL\u0102"},"content":{"rendered":"<p>Zi de mare emo\u021bie, ieri, la \u0218coala Gimnazial\u0103 ,,Vasile Cristoforeanu&#8221;\u009d din R\u00e2mnicu S\u0103rat. Elevi, dasc\u0103li, autorit\u0103\u021bi locale \u0219i jude\u021bene au fost \u00eempreun\u0103 la aniversarea a 150 de ani de func\u021bionare a unit\u0103\u021bii de \u00eenv\u0103\u021b\u0103m\u00e2nt. \u00cen cadrul evenimentului a avut loc dezvelirea bustului ctitorului unit\u0103\u021bii, fostul primar Vasile Cristoforeanu, dar \u0219i a placii oficiale cu numele directorilor \u0219colii. Desene, premii \u0219i mesaje ale elevilor au fost expuse \u00een holul principal al institu\u021biei de \u00eenv\u0103\u021b\u0103m\u00e2nt, pentru a marca cea de-a 150-a aniversare a \u0219colii.\u00c2\u00a0Pentru o zi, to\u021bi participan\u021bii s-au sim\u021bit elevi ai acestei \u0219coli.<\/p>\n<p>\u0218i autorit\u0103\u021bile jude\u021bene au fost prezente la eveniment, iar pentru o zi, \u0219i \u0219efa Inspectoratului \u0218colar Jude\u021bean Buz\u0103u a fost elev\u0103 a \u0218colii Gimnaziale ,,Vasile Crsitoforeanu&#8221;\u009d din R\u00e2mnicu S\u0103rat.<\/p>\n<p>Bucuros de re\u00eent\u00e2lnirea cu cei din comunitatea \u0219colii din Rm. S\u0103rat a fost \u0219i primarul municipiului, Sorin C\u00eerjan, care a \u00eenv\u0103\u021bat aici, pe c\u00e2nd era la gr\u0103dini\u021b\u0103.<\/p>\n<p>Fo\u0219ti dasc\u0103li ai \u0218colii Gimnaziale ,,Vasile Cristoforeanu&#8221;\u009d au retr\u0103it emo\u021bia \u0219i bucuria anilor petrecu\u021bi aici.<\/p>\n<p>De anii de la catedr\u0103 \u0219i-au amintit \u0219i alte foste cadre didactice ale unit\u0103\u021bii de \u00eenv\u0103\u021b\u0103m\u00e2nt.<\/p>\n<p>La aniversarea celor 150 de func\u021bionare a \u0219colii au fost prezen\u021bi \u0219i fo\u0219i elevi. Printre ace\u0219tia s-a aflat \u0219i omul de afaceri Viorel Tudose.<\/p>\n<p>\u00c5\u017ecoala, care ast\u0103zi poart\u0103 numele fostului primar Vasile Cristoforeanu, a fost \u00eenfiin\u021bat\u0103 \u00een anul 1882, sub \u00eendrumarea autorit\u0103\u021bilor locale sub denumirea &#8222;\u0153\u00c5\u017ecoala nr. 2 de fete&#8221;\u009d, devenit\u0103 din 1886, &#8222;\u0153\u00c5\u017ecoala nr. 2 de fete \u0219i b\u0103ie\u021bi, av\u00e2nd conduceri separate. \u00cen perioada 1894 &#8222;\u201c 1895, prin grija primarului Cristoforeanu, a fost construit un local nou cu etaj \u0219i cu 8 s\u0103li de clas\u0103. Cl\u0103direa \u00een form\u0103 de trapez are o arhitectur\u0103 impun\u0103toare cu un spa\u021biu verde \u00een fa\u021b\u0103, \u00een care ulterior a fost amplasat bustul ctitorului Vasile Cristoforeanu.<\/p>\n","protected":false},"excerpt":{"rendered":"<p>Zi de mare emo\u021bie, ieri, la \u0218coala Gimnazial\u0103 ,,Vasile Cristoforeanu&#8221;\u009d din R\u00e2mnicu S\u0103rat. Elevi, dasc\u0103li, autorit\u0103\u021bi locale \u0219i jude\u021bene au fost \u00eempreun\u0103 la aniversarea a 150 de ani de func\u021bionare a unit\u0103\u021bii de \u00eenv\u0103\u021b\u0103m\u00e2nt. \u00cen cadrul evenimentului a avut loc dezvelirea bustului ctitorului unit\u0103\u021bii, fostul primar Vasile Cristoforeanu, dar \u0219i a placii oficiale cu numele directorilor \u0219colii. Desene, premii \u0219i mesaje ale elevilor au fost expuse \u00een holul principal al institu\u021biei de \u00eenv\u0103\u021b\u0103m\u00e2nt, pentru a marca cea de-a 150-a aniversare a \u0219colii.\u00c2\u00a0Pentru o zi, to\u021bi participan\u021bii s-au sim\u021bit elevi ai&hellip;<\/p>\n","protected":false},"author":4,"featured_media":15071,"comment_status":"closed","ping_status":"closed","sticky":false,"template":"","format":"standard","meta":{"footnotes":""},"categories":[165],"tags":[2544,246,826,5213,2541],"class_list":["post-16261","post","type-post","status-publish","format-standard","has-post-thumbnail","hentry","category-informatia-de-ramnic","tag-aniversare","tag-elevi","tag-profesori","tag-scoala-5","tag-vasile-cristoforeanu"],"gutentor_comment":0,"_links":{"self":[{"href":"https:\/\/scurtpe2.ro\/index.php?rest_route=\/wp\/v2\/posts\/16261","targetHints":{"allow":["GET"]}}],"collection":[{"href":"https:\/\/scurtpe2.ro\/index.php?rest_route=\/wp\/v2\/posts"}],"about":[{"href":"https:\/\/scurtpe2.ro\/index.php?rest_route=\/wp\/v2\/types\/post"}],"author":[{"embeddable":true,"href":"https:\/\/scurtpe2.ro\/index.php?rest_route=\/wp\/v2\/users\/4"}],"replies":[{"embeddable":true,"href":"https:\/\/scurtpe2.ro\/index.php?rest_route=%2Fwp%2Fv2%2Fcomments&post=16261"}],"version-history":[{"count":1,"href":"https:\/\/scurtpe2.ro\/index.php?rest_route=\/wp\/v2\/posts\/16261\/revisions"}],"predecessor-version":[{"id":16262,"href":"https:\/\/scurtpe2.ro\/index.php?rest_route=\/wp\/v2\/posts\/16261\/revisions\/16262"}],"wp:featuredmedia":[{"embeddable":true,"href":"https:\/\/scurtpe2.ro\/index.php?rest_route=\/wp\/v2\/media\/15071"}],"wp:attachment":[{"href":"https:\/\/scurtpe2.ro\/index.php?rest_route=%2Fwp%2Fv2%2Fmedia&parent=16261"}],"wp:term":[{"taxonomy":"category","embeddable":true,"href":"https:\/\/scurtpe2.ro\/index.php?rest_route=%2Fwp%2Fv2%2Fcategories&post=16261"},{"taxonomy":"post_tag","embeddable":true,"href":"https:\/\/scurtpe2.ro\/index.php?rest_route=%2Fwp%2Fv2%2Ftags&post=16261"}],"curies":[{"name":"wp","href":"https:\/\/api.w.org\/{rel}","templated":true}]}}