{"id":16258,"date":"2022-11-30T17:38:12","date_gmt":"2022-11-30T14:38:12","guid":{"rendered":"https:\/\/scurtpe2.ro\/?p=16258"},"modified":"2022-11-30T17:38:12","modified_gmt":"2022-11-30T14:38:12","slug":"urari-de-ziua-lor","status":"publish","type":"post","link":"https:\/\/scurtpe2.ro\/?p=16258","title":{"rendered":"UR\u0102RI DE ZIUA LOR"},"content":{"rendered":"<p>Cre\u0219tinii \u00eel pr\u0103znuiesc ast\u0103zi pe Sf\u00e2ntul Apostol Andrei, considerat cre\u0219tin\u0103torul neamului rom\u00e2nesc. Aproape 720.000 de romani, dintre care peste 368.000 b\u0103rba\u021bi \u0219i aproape 350.000 de femei, \u00ee\u0219i s\u0103rb\u0103toresc onomastica de ziua Sf\u00e2ntului Apostol Andrei. Cu aceast\u0103 ocazie, pre\u0219edintele interimar al ALDE Buz\u0103u, Ionica Tar\u0103u \u0219i prim-vicepre\u0219edintele ALDE, deputatul Nicolae Roman, au transmis mesaje persoanelor care poart\u0103 acest nume.<\/p>\n<p>Totodat\u0103, cei doi le-au transmis mesaje tuturor rom\u00e2nilor, de Ziua Nationala.<\/p>\n<p>Ziua Na\u021bional\u0103 a Rom\u00e2niei va fi marcat\u0103 la Buz\u0103u printr-o impresionant\u0103 parad\u0103 militar\u0103, la care vor participa, \u00een premier\u0103 militari americani \u0219i tehnic\u0103 a Armatei Statelor Unite. Manifest\u0103rile vor avea loc, joi, 1 decembrie, de la ora 11:00, pe Calea Eroilor din municipiul Buz\u0103u. Astfel, vor participa aproape 450 de militari \u0219i speciali\u0219ti din Ministerul Ap\u0103r\u0103rii Na\u021bionale, Ministerul Afacerilor Interne, Serviciul Rom\u00e2n de Informa\u021bii \u0219i Direc\u021bia Poli\u021biei Locale, precum \u0219i circa 70 de mijloace tehnice, dintre care aproximativ 10 aeronave.<\/p>\n","protected":false},"excerpt":{"rendered":"<p>Cre\u0219tinii \u00eel pr\u0103znuiesc ast\u0103zi pe Sf\u00e2ntul Apostol Andrei, considerat cre\u0219tin\u0103torul neamului rom\u00e2nesc. Aproape 720.000 de romani, dintre care peste 368.000 b\u0103rba\u021bi \u0219i aproape 350.000 de femei, \u00ee\u0219i s\u0103rb\u0103toresc onomastica de ziua Sf\u00e2ntului Apostol Andrei. Cu aceast\u0103 ocazie, pre\u0219edintele interimar al ALDE Buz\u0103u, Ionica Tar\u0103u \u0219i prim-vicepre\u0219edintele ALDE, deputatul Nicolae Roman, au transmis mesaje persoanelor care poart\u0103 acest nume. Totodat\u0103, cei doi le-au transmis mesaje tuturor rom\u00e2nilor, de Ziua Nationala. Ziua Na\u021bional\u0103 a Rom\u00e2niei va fi marcat\u0103 la Buz\u0103u printr-o impresionant\u0103 parad\u0103 militar\u0103, la care vor participa, \u00een premier\u0103 militari americani&hellip;<\/p>\n","protected":false},"author":4,"featured_media":16259,"comment_status":"closed","ping_status":"closed","sticky":false,"template":"","format":"standard","meta":{"footnotes":""},"categories":[168],"tags":[5928,5929,4149,5927,3369],"class_list":["post-16258","post","type-post","status-publish","format-standard","has-post-thumbnail","hentry","category-informatia-de-buzau","tag-ionica-tarau","tag-mesaje","tag-nicolae-roman","tag-sf-andrei","tag-ziua-nationala"],"gutentor_comment":0,"_links":{"self":[{"href":"https:\/\/scurtpe2.ro\/index.php?rest_route=\/wp\/v2\/posts\/16258","targetHints":{"allow":["GET"]}}],"collection":[{"href":"https:\/\/scurtpe2.ro\/index.php?rest_route=\/wp\/v2\/posts"}],"about":[{"href":"https:\/\/scurtpe2.ro\/index.php?rest_route=\/wp\/v2\/types\/post"}],"author":[{"embeddable":true,"href":"https:\/\/scurtpe2.ro\/index.php?rest_route=\/wp\/v2\/users\/4"}],"replies":[{"embeddable":true,"href":"https:\/\/scurtpe2.ro\/index.php?rest_route=%2Fwp%2Fv2%2Fcomments&post=16258"}],"version-history":[{"count":1,"href":"https:\/\/scurtpe2.ro\/index.php?rest_route=\/wp\/v2\/posts\/16258\/revisions"}],"predecessor-version":[{"id":16260,"href":"https:\/\/scurtpe2.ro\/index.php?rest_route=\/wp\/v2\/posts\/16258\/revisions\/16260"}],"wp:featuredmedia":[{"embeddable":true,"href":"https:\/\/scurtpe2.ro\/index.php?rest_route=\/wp\/v2\/media\/16259"}],"wp:attachment":[{"href":"https:\/\/scurtpe2.ro\/index.php?rest_route=%2Fwp%2Fv2%2Fmedia&parent=16258"}],"wp:term":[{"taxonomy":"category","embeddable":true,"href":"https:\/\/scurtpe2.ro\/index.php?rest_route=%2Fwp%2Fv2%2Fcategories&post=16258"},{"taxonomy":"post_tag","embeddable":true,"href":"https:\/\/scurtpe2.ro\/index.php?rest_route=%2Fwp%2Fv2%2Ftags&post=16258"}],"curies":[{"name":"wp","href":"https:\/\/api.w.org\/{rel}","templated":true}]}}