{"id":16017,"date":"2022-11-03T18:29:09","date_gmt":"2022-11-03T15:29:09","guid":{"rendered":"https:\/\/scurtpe2.ro\/?p=16017"},"modified":"2022-11-03T18:29:09","modified_gmt":"2022-11-03T15:29:09","slug":"lucrari-nefinalizate-nici-dupa-4-ani","status":"publish","type":"post","link":"https:\/\/scurtpe2.ro\/?p=16017","title":{"rendered":"LUCR\u0102RI NEFINALIZATE NICI DUP\u0102 4 ANI"},"content":{"rendered":"<p>\u0218tim c\u00e2nd au \u00eenceput, dar nu e deloc cert c\u00e2nd vor fi gata! Este vorba despre lucr\u0103rile de modernizare a drumului jude\u021bean 203K, tronsonul M\u0103r\u0103cineni &#8211; Podu Muncii, lung de 27 de kilometri. Demarate exact acum patru ani, lucr\u0103rile ar fi trebuit s\u0103 fie \u00eencheiate cel t\u00e2rziu \u00een luna aprilie, 2021. Din p\u0103cate, termenul p\u00e2n\u0103 la care lucr\u0103rile trebuiau finalizate a fost decalat de mai multe ori, \u00een urma unor probleme ap\u0103rute pe parcurs, din cauza erorilor de proiectare \u0219i a unor lucr\u0103ri de calitate jalnic\u0103, care au necesitat interven\u021bii ulterioare. Pre\u0219edintele Consiliului Jude\u021bean Buz\u0103u, Petre Emanoil Neagu, spune c\u0103 responsabil pentru decalarea lucr\u0103rilor este constructorul, o firm\u0103 din jude\u021bul Ialomi\u021ba. El precizeaz\u0103 c\u0103, \u00een condi\u021biile actuale, nu va semna recep\u021bia lucr\u0103rii.<\/p>\n<p>Din p\u0103cate, Drumul Jude\u021bean 203K M\u0103r\u0103cineni &#8222;\u201c Podu Muncii a bifat, luna trecut\u0103, cel de-al patrulea an de reabilitare. Reprezentan\u021bii companiei se justific\u0103 prin faptul c\u0103 au ap\u0103rut diferite situa\u021bii care au necesitat lucr\u0103ri de repara\u021bii sau refacerere a terasamentului.<\/p>\n<p>Proiectul de modernizare a drumului are o valoare total\u0103 de aproape 82 de milioane de lei, bani proveni\u021bi \u00een propor\u021bie de 85 la sut\u0103 din Fondul European de Dezvoltare Regional\u0103, 13 la sut\u0103 din bugetul na\u021bional, iar 2 la sut\u0103 reprezint\u0103 valoarea cofinan\u021b\u0103rii eligibile a beneficiarului.<\/p>\n","protected":false},"excerpt":{"rendered":"<p>\u0218tim c\u00e2nd au \u00eenceput, dar nu e deloc cert c\u00e2nd vor fi gata! Este vorba despre lucr\u0103rile de modernizare a drumului jude\u021bean 203K, tronsonul M\u0103r\u0103cineni &#8211; Podu Muncii, lung de 27 de kilometri. Demarate exact acum patru ani, lucr\u0103rile ar fi trebuit s\u0103 fie \u00eencheiate cel t\u00e2rziu \u00een luna aprilie, 2021. Din p\u0103cate, termenul p\u00e2n\u0103 la care lucr\u0103rile trebuiau finalizate a fost decalat de mai multe ori, \u00een urma unor probleme ap\u0103rute pe parcurs, din cauza erorilor de proiectare \u0219i a unor lucr\u0103ri de calitate jalnic\u0103, care au necesitat interven\u021bii&hellip;<\/p>\n","protected":false},"author":4,"featured_media":16018,"comment_status":"closed","ping_status":"closed","sticky":false,"template":"","format":"standard","meta":{"footnotes":""},"categories":[173],"tags":[1938,5844,1475,1683,5656],"class_list":["post-16017","post","type-post","status-publish","format-standard","has-post-thumbnail","hentry","category-administrativ","tag-constructor","tag-dezvoltare-regionala","tag-drum-judetean","tag-petre-emanoil-neagu","tag-termen"],"gutentor_comment":0,"_links":{"self":[{"href":"https:\/\/scurtpe2.ro\/index.php?rest_route=\/wp\/v2\/posts\/16017","targetHints":{"allow":["GET"]}}],"collection":[{"href":"https:\/\/scurtpe2.ro\/index.php?rest_route=\/wp\/v2\/posts"}],"about":[{"href":"https:\/\/scurtpe2.ro\/index.php?rest_route=\/wp\/v2\/types\/post"}],"author":[{"embeddable":true,"href":"https:\/\/scurtpe2.ro\/index.php?rest_route=\/wp\/v2\/users\/4"}],"replies":[{"embeddable":true,"href":"https:\/\/scurtpe2.ro\/index.php?rest_route=%2Fwp%2Fv2%2Fcomments&post=16017"}],"version-history":[{"count":1,"href":"https:\/\/scurtpe2.ro\/index.php?rest_route=\/wp\/v2\/posts\/16017\/revisions"}],"predecessor-version":[{"id":16019,"href":"https:\/\/scurtpe2.ro\/index.php?rest_route=\/wp\/v2\/posts\/16017\/revisions\/16019"}],"wp:featuredmedia":[{"embeddable":true,"href":"https:\/\/scurtpe2.ro\/index.php?rest_route=\/wp\/v2\/media\/16018"}],"wp:attachment":[{"href":"https:\/\/scurtpe2.ro\/index.php?rest_route=%2Fwp%2Fv2%2Fmedia&parent=16017"}],"wp:term":[{"taxonomy":"category","embeddable":true,"href":"https:\/\/scurtpe2.ro\/index.php?rest_route=%2Fwp%2Fv2%2Fcategories&post=16017"},{"taxonomy":"post_tag","embeddable":true,"href":"https:\/\/scurtpe2.ro\/index.php?rest_route=%2Fwp%2Fv2%2Ftags&post=16017"}],"curies":[{"name":"wp","href":"https:\/\/api.w.org\/{rel}","templated":true}]}}