{"id":15819,"date":"2022-10-06T18:23:50","date_gmt":"2022-10-06T15:23:50","guid":{"rendered":"https:\/\/scurtpe2.ro\/?p=15819"},"modified":"2022-10-06T18:23:50","modified_gmt":"2022-10-06T15:23:50","slug":"ziua-internationala-a-geodiversitatii-sarbatorita-in-premiera","status":"publish","type":"post","link":"https:\/\/scurtpe2.ro\/?p=15819","title":{"rendered":"ZIUA INTERNA\u021aIONAL\u0102 A GEODIVERSIT\u0102\u021aII, S\u0102RB\u0102TORIT\u0102 \u00ceN PREMIER\u0102"},"content":{"rendered":"<p>Anul acesta, este s\u0103rb\u0103torit\u0103, pentru prima dat\u0103, Ziua Interna\u021bional\u0103 a Geodiversit\u0103\u021bii! \u00cen aceast\u0103 zi, \u00een aproapte toate \u021b\u0103rile lumii, au loc dezbateri \u00eentre tineri, se organizeaz\u0103 excursii care promoveaz\u0103 conservarea geo-patrimoniului, tururi ale muzeelor prin care se descoper\u0103 resursele geologice, vizite ale \u0219colilor, pentru ca elevii s\u0103 cunoasc\u0103 istoria P\u0103m\u00e2ntului. Aceast\u0103 zi este marcat\u0103, prin zeci de evenimente, \u0219i la nivelul jude\u021bului Buz\u0103u!<\/p>\n<p>Consiliul Jude\u021bean Buz\u0103u, cu sprijinul Inspectoratului \u0218colar Jude\u021bean Buz\u0103u, a promovat \u00een r\u00e2ndul unit\u0103\u021bilor de \u00eenv\u0103\u021b\u0103m\u00e2nt ini\u021biativa de celebrare a Zilei Interna\u021bionale a Geodiversit\u0103\u021bii. Astfel, la nivelul jude\u021bului Buz\u0103u, numeroase \u0219coli \u0219i gr\u0103dini\u021be din spa\u021biul rural \u0219i urban au organizat, \u00een data de 6 octombrie, activit\u0103\u021bi educative av\u00e2nd ca scop cre\u0219terea gradului de con\u0219tientizare a elevilor, cu privire la numeroasele beneficii pe care geodiversitatea le ofer\u0103 oamenilor, societ\u0103\u021bii \u0219i mediului. Astfel, \u00een aceast\u0103 zi, Geoparcul Interna\u021bional UNESCO &#8222;\u017e\u00c8\u0161inutul Buz\u0103ului&#8221;\u009d \u0219i geodiversitatea jude\u021bului Buz\u0103u au devenit subiect de studiu \u0219i informare pentru copii.<\/p>\n<p>Consiliul Jude\u021bean Buz\u0103u, prin Asocia\u021bia de Dezvoltare Intercomunitar\u0103 &#8222;\u017e\u00c8\u0161inutul Buz\u0103ului&#8221;\u009d, a \u00eencurajat cele 18 comune de pe teritoriul geoparcului, pentru a veni \u00een sprijinul ini\u021biativelor pentru educa\u021bie geo\u0219tiin\u021bific\u0103, prin care se ofer\u0103 solu\u021bii durabile la provoc\u0103rile legate de gestionarea resurselor, reducerea riscului de hazarde naturale, atenuarea schimb\u0103rilor climatice \u0219i pierderea biodiversit\u0103\u021bii.<\/p>\n<p>De asemenea, Consiliul Jude\u021bean Buz\u0103u a lansat, ast\u0103zi, un concurs online, adresat pasiona\u021bilor de fotografie, pentru a imortaliza locuri \u0219i momente din Geoparcul Interna\u021bional UNESCO &#8222;\u017e\u00c8\u0161inutul Buz\u0103ului&#8221;\u009d. Astfel, pe pagina de Facebook \u00c2\u00a0Descoper\u0103 Buz\u0103ul, va fi promovat\u0103 ini\u021biativa de a surprinde \u00een imagini locuri de poveste din &#8222;\u017e\u00c8\u0161inutul Buz\u0103ului&#8221;\u009d. C\u00e2\u0219tig\u0103torii vor fi premia\u021bi, iar lucr\u0103rile lor prezentate \u00een cadrul unei expozi\u021bii adresate publicului larg.<\/p>\n<p>Ziua Interna\u021bional\u0103 a Geodiversit\u0103\u021bii a fost proclamat\u0103 \u00een 2021, de c\u0103tre cele 193 de state membre participante la cea de-a 41-a Conferin\u021b\u0103 General\u0103 a UNESCO, de la Paris.<\/p>\n","protected":false},"excerpt":{"rendered":"<p>Anul acesta, este s\u0103rb\u0103torit\u0103, pentru prima dat\u0103, Ziua Interna\u021bional\u0103 a Geodiversit\u0103\u021bii! \u00cen aceast\u0103 zi, \u00een aproapte toate \u021b\u0103rile lumii, au loc dezbateri \u00eentre tineri, se organizeaz\u0103 excursii care promoveaz\u0103 conservarea geo-patrimoniului, tururi ale muzeelor prin care se descoper\u0103 resursele geologice, vizite ale \u0219colilor, pentru ca elevii s\u0103 cunoasc\u0103 istoria P\u0103m\u00e2ntului. Aceast\u0103 zi este marcat\u0103, prin zeci de evenimente, \u0219i la nivelul jude\u021bului Buz\u0103u! Consiliul Jude\u021bean Buz\u0103u, cu sprijinul Inspectoratului \u0218colar Jude\u021bean Buz\u0103u, a promovat \u00een r\u00e2ndul unit\u0103\u021bilor de \u00eenv\u0103\u021b\u0103m\u00e2nt ini\u021biativa de celebrare a Zilei Interna\u021bionale a Geodiversit\u0103\u021bii. Astfel, la nivelul&hellip;<\/p>\n","protected":false},"author":4,"featured_media":15820,"comment_status":"closed","ping_status":"closed","sticky":false,"template":"","format":"standard","meta":{"footnotes":""},"categories":[168],"tags":[5757,523,2800,1731,5756],"class_list":["post-15819","post","type-post","status-publish","format-standard","has-post-thumbnail","hentry","category-informatia-de-buzau","tag-concurs-online","tag-consiliu-judetean","tag-educatie","tag-tinutul-buzaului","tag-ziua-internationala-a-geodiversitatii"],"gutentor_comment":0,"_links":{"self":[{"href":"https:\/\/scurtpe2.ro\/index.php?rest_route=\/wp\/v2\/posts\/15819","targetHints":{"allow":["GET"]}}],"collection":[{"href":"https:\/\/scurtpe2.ro\/index.php?rest_route=\/wp\/v2\/posts"}],"about":[{"href":"https:\/\/scurtpe2.ro\/index.php?rest_route=\/wp\/v2\/types\/post"}],"author":[{"embeddable":true,"href":"https:\/\/scurtpe2.ro\/index.php?rest_route=\/wp\/v2\/users\/4"}],"replies":[{"embeddable":true,"href":"https:\/\/scurtpe2.ro\/index.php?rest_route=%2Fwp%2Fv2%2Fcomments&post=15819"}],"version-history":[{"count":1,"href":"https:\/\/scurtpe2.ro\/index.php?rest_route=\/wp\/v2\/posts\/15819\/revisions"}],"predecessor-version":[{"id":15821,"href":"https:\/\/scurtpe2.ro\/index.php?rest_route=\/wp\/v2\/posts\/15819\/revisions\/15821"}],"wp:featuredmedia":[{"embeddable":true,"href":"https:\/\/scurtpe2.ro\/index.php?rest_route=\/wp\/v2\/media\/15820"}],"wp:attachment":[{"href":"https:\/\/scurtpe2.ro\/index.php?rest_route=%2Fwp%2Fv2%2Fmedia&parent=15819"}],"wp:term":[{"taxonomy":"category","embeddable":true,"href":"https:\/\/scurtpe2.ro\/index.php?rest_route=%2Fwp%2Fv2%2Fcategories&post=15819"},{"taxonomy":"post_tag","embeddable":true,"href":"https:\/\/scurtpe2.ro\/index.php?rest_route=%2Fwp%2Fv2%2Ftags&post=15819"}],"curies":[{"name":"wp","href":"https:\/\/api.w.org\/{rel}","templated":true}]}}