{"id":15679,"date":"2022-09-16T18:21:52","date_gmt":"2022-09-16T15:21:52","guid":{"rendered":"https:\/\/scurtpe2.ro\/?p=15679"},"modified":"2022-09-16T18:21:52","modified_gmt":"2022-09-16T15:21:52","slug":"amplasament-nou-pentru-sala-polivalenta","status":"publish","type":"post","link":"https:\/\/scurtpe2.ro\/?p=15679","title":{"rendered":"AMPLASAMENT NOU PENTRU SALA POLIVALENT\u0102"},"content":{"rendered":"<p>Amplasament nou, pentru viitoarea sal\u0103 polivalent\u0103 a ora\u0219ului Buz\u0103u! Conducerea Prim\u0103riei Buz\u0103u a decis ca obiectivul s\u0103 nu se mai construiasc\u0103 pe terenul unde se afl\u0103 acum \u0218trandul Tineretului, ci \u00een alt\u0103 loca\u021bie, tot \u00een zona de est a ora\u0219ului. \u00cen \u0219edin\u021ba Consiliului Local Municipal, din aceast\u0103 lun\u0103, programat\u0103 mar\u021bi, va fi supus la vot un proiect de hot\u0103r\u00e2re care prevede schimbarea amplasamentului. \u00cen caz c\u0103 va fi adoptat, documentul va fi trimis apoi la Compania Na\u021bional\u0103 de Investi\u021bii, institu\u021bia care va finan\u021ba construc\u021bia noii s\u0103li de sport a Buz\u0103ului.<\/p>\n<p>\u00cen locul actualului \u0219trand, Prim\u0103ria Buz\u0103u va construi un Aqua Park, prev\u0103zut cu zone de agrement dar \u0219i un bazin didactic.<\/p>\n<p>Proiectul privind construc\u021bia noii s\u0103li polivalente a ora\u0219ului Buz\u0103u a fost depus \u00eenc\u0103 de acum doi ani la Compania Na\u021bional\u0103 de Investi\u021bii, iar de atunci se a\u0219teapt\u0103 aprobarea finan\u021b\u0103rii. Sala de sport va avea o capacitate de 4.000 de locuri \u0219i va fi una dintre cele mai moderne din \u021bar\u0103. Aici, spre deosebire de actuala sal\u0103 polivalent\u0103, vor putea fi g\u0103zduite \u0219i competi\u021bii sportive interna\u021bionale de anvergur\u0103.<\/p>\n","protected":false},"excerpt":{"rendered":"<p>Amplasament nou, pentru viitoarea sal\u0103 polivalent\u0103 a ora\u0219ului Buz\u0103u! Conducerea Prim\u0103riei Buz\u0103u a decis ca obiectivul s\u0103 nu se mai construiasc\u0103 pe terenul unde se afl\u0103 acum \u0218trandul Tineretului, ci \u00een alt\u0103 loca\u021bie, tot \u00een zona de est a ora\u0219ului. \u00cen \u0219edin\u021ba Consiliului Local Municipal, din aceast\u0103 lun\u0103, programat\u0103 mar\u021bi, va fi supus la vot un proiect de hot\u0103r\u00e2re care prevede schimbarea amplasamentului. \u00cen caz c\u0103 va fi adoptat, documentul va fi trimis apoi la Compania Na\u021bional\u0103 de Investi\u021bii, institu\u021bia care va finan\u021ba construc\u021bia noii s\u0103li de sport a Buz\u0103ului.&hellip;<\/p>\n","protected":false},"author":4,"featured_media":15680,"comment_status":"closed","ping_status":"closed","sticky":false,"template":"","format":"standard","meta":{"footnotes":""},"categories":[168],"tags":[5674,5675,2517,2520],"class_list":["post-15679","post","type-post","status-publish","format-standard","has-post-thumbnail","hentry","category-informatia-de-buzau","tag-amplasament-nou","tag-aqua-park","tag-sala-polivalenta","tag-strand"],"gutentor_comment":0,"_links":{"self":[{"href":"https:\/\/scurtpe2.ro\/index.php?rest_route=\/wp\/v2\/posts\/15679","targetHints":{"allow":["GET"]}}],"collection":[{"href":"https:\/\/scurtpe2.ro\/index.php?rest_route=\/wp\/v2\/posts"}],"about":[{"href":"https:\/\/scurtpe2.ro\/index.php?rest_route=\/wp\/v2\/types\/post"}],"author":[{"embeddable":true,"href":"https:\/\/scurtpe2.ro\/index.php?rest_route=\/wp\/v2\/users\/4"}],"replies":[{"embeddable":true,"href":"https:\/\/scurtpe2.ro\/index.php?rest_route=%2Fwp%2Fv2%2Fcomments&post=15679"}],"version-history":[{"count":1,"href":"https:\/\/scurtpe2.ro\/index.php?rest_route=\/wp\/v2\/posts\/15679\/revisions"}],"predecessor-version":[{"id":15681,"href":"https:\/\/scurtpe2.ro\/index.php?rest_route=\/wp\/v2\/posts\/15679\/revisions\/15681"}],"wp:featuredmedia":[{"embeddable":true,"href":"https:\/\/scurtpe2.ro\/index.php?rest_route=\/wp\/v2\/media\/15680"}],"wp:attachment":[{"href":"https:\/\/scurtpe2.ro\/index.php?rest_route=%2Fwp%2Fv2%2Fmedia&parent=15679"}],"wp:term":[{"taxonomy":"category","embeddable":true,"href":"https:\/\/scurtpe2.ro\/index.php?rest_route=%2Fwp%2Fv2%2Fcategories&post=15679"},{"taxonomy":"post_tag","embeddable":true,"href":"https:\/\/scurtpe2.ro\/index.php?rest_route=%2Fwp%2Fv2%2Ftags&post=15679"}],"curies":[{"name":"wp","href":"https:\/\/api.w.org\/{rel}","templated":true}]}}