{"id":15657,"date":"2022-09-15T17:33:01","date_gmt":"2022-09-15T14:33:01","guid":{"rendered":"https:\/\/scurtpe2.ro\/?p=15657"},"modified":"2022-09-15T17:33:01","modified_gmt":"2022-09-15T14:33:01","slug":"angajatii-prefecturilor-functionari-publici-de-stat","status":"publish","type":"post","link":"https:\/\/scurtpe2.ro\/?p=15657","title":{"rendered":"ANGAJA\u021aII PREFECTURILOR, FUNC\u021aIONARI PUBLICI DE STAT"},"content":{"rendered":"<p>Se anun\u021b\u0103 ve\u0219ti bune pentru angaja\u021bii prefecturilor din \u021bar\u0103.\u00c2\u00a0 \u00cen aceast\u0103 toamn\u0103, va fi supus aprob\u0103rii, \u00een Camera Deputa\u021bilor, un proiect de lege care prevede ca func\u021biile publice din cadrul Institu\u021biei Prefectului, \u00een prezent calificate ca func\u021bii publice teritoriale, s\u0103 devin\u0103 func\u021bii publice de stat. Prefectul de Buz\u0103u, Daniel \u00c8\u0161iclea, este \u00eencrez\u0103tor c\u0103 acest proiect de lege va trece la vot \u00een Parlament. Asta dup\u0103 ce documentul a primit aviz favorabil \u00een Comisia pentru administra\u021bie public\u0103 \u0219i amenajarea teritoriului din Camera Deputa\u021bilor.<\/p>\n<p>De\u0219i munca lor implic\u0103 o r\u0103spundere enorm\u0103, reprezent\u00e2nd \u0219i ap\u0103r\u00e2nd interesele statului, remunera\u021bia angaja\u021bilor prefecturilor este inechitabil\u0103 \u00een raport cu cea din prim\u0103rii sau consilii jude\u021bene. Efectul acestei inechit\u0103ti a determinat o lips\u0103 acut\u0103 de personal \u00een departamentele cheie ale acestei institu\u021bii, precum cel juridic sau IT, pun\u00e2nd \u00een pericol astfel procesul de control al activit\u0103\u021bii autorit\u0103\u021bilor publice locale sau al serviciilor publice deconcentrate.<\/p>\n<p>\u00cen momentul de fa\u021b\u0103, un jurist din Prefectura Buz\u0103u c\u00e2\u0219tig\u0103 aproximativ 3.500 de lei net, adic\u0103 de aproape dou\u0103 ori mai pu\u021bin dec\u00e2t un consilier juridic de la o prim\u0103rie sau Consiliul Jude\u021bean. Acum, departamentul juridic al Prefecturii Buz\u0103u are un deficit de 5 angaja\u021bi.<\/p>\n","protected":false},"excerpt":{"rendered":"<p>Se anun\u021b\u0103 ve\u0219ti bune pentru angaja\u021bii prefecturilor din \u021bar\u0103.\u00c2\u00a0 \u00cen aceast\u0103 toamn\u0103, va fi supus aprob\u0103rii, \u00een Camera Deputa\u021bilor, un proiect de lege care prevede ca func\u021biile publice din cadrul Institu\u021biei Prefectului, \u00een prezent calificate ca func\u021bii publice teritoriale, s\u0103 devin\u0103 func\u021bii publice de stat. Prefectul de Buz\u0103u, Daniel \u00c8\u0161iclea, este \u00eencrez\u0103tor c\u0103 acest proiect de lege va trece la vot \u00een Parlament. Asta dup\u0103 ce documentul a primit aviz favorabil \u00een Comisia pentru administra\u021bie public\u0103 \u0219i amenajarea teritoriului din Camera Deputa\u021bilor. De\u0219i munca lor implic\u0103 o r\u0103spundere enorm\u0103, reprezent\u00e2nd&hellip;<\/p>\n","protected":false},"author":4,"featured_media":15565,"comment_status":"closed","ping_status":"closed","sticky":false,"template":"","format":"standard","meta":{"footnotes":""},"categories":[173],"tags":[5664,5666,254,5665],"class_list":["post-15657","post","type-post","status-publish","format-standard","has-post-thumbnail","hentry","category-administrativ","tag-functionari-publici","tag-juridic","tag-prefectura","tag-remuneratie"],"gutentor_comment":0,"_links":{"self":[{"href":"https:\/\/scurtpe2.ro\/index.php?rest_route=\/wp\/v2\/posts\/15657","targetHints":{"allow":["GET"]}}],"collection":[{"href":"https:\/\/scurtpe2.ro\/index.php?rest_route=\/wp\/v2\/posts"}],"about":[{"href":"https:\/\/scurtpe2.ro\/index.php?rest_route=\/wp\/v2\/types\/post"}],"author":[{"embeddable":true,"href":"https:\/\/scurtpe2.ro\/index.php?rest_route=\/wp\/v2\/users\/4"}],"replies":[{"embeddable":true,"href":"https:\/\/scurtpe2.ro\/index.php?rest_route=%2Fwp%2Fv2%2Fcomments&post=15657"}],"version-history":[{"count":1,"href":"https:\/\/scurtpe2.ro\/index.php?rest_route=\/wp\/v2\/posts\/15657\/revisions"}],"predecessor-version":[{"id":15658,"href":"https:\/\/scurtpe2.ro\/index.php?rest_route=\/wp\/v2\/posts\/15657\/revisions\/15658"}],"wp:featuredmedia":[{"embeddable":true,"href":"https:\/\/scurtpe2.ro\/index.php?rest_route=\/wp\/v2\/media\/15565"}],"wp:attachment":[{"href":"https:\/\/scurtpe2.ro\/index.php?rest_route=%2Fwp%2Fv2%2Fmedia&parent=15657"}],"wp:term":[{"taxonomy":"category","embeddable":true,"href":"https:\/\/scurtpe2.ro\/index.php?rest_route=%2Fwp%2Fv2%2Fcategories&post=15657"},{"taxonomy":"post_tag","embeddable":true,"href":"https:\/\/scurtpe2.ro\/index.php?rest_route=%2Fwp%2Fv2%2Ftags&post=15657"}],"curies":[{"name":"wp","href":"https:\/\/api.w.org\/{rel}","templated":true}]}}