{"id":15654,"date":"2022-09-15T08:25:26","date_gmt":"2022-09-15T05:25:26","guid":{"rendered":"https:\/\/scurtpe2.ro\/?p=15654"},"modified":"2022-09-15T08:25:26","modified_gmt":"2022-09-15T05:25:26","slug":"invitatie-la-toamna-buzoiana","status":"publish","type":"post","link":"https:\/\/scurtpe2.ro\/?p=15654","title":{"rendered":"INVITA\u021aIE LA -\u017eTOAMNA BUZOIAN\u0102-\u009d"},"content":{"rendered":"<p>Se d\u0103 startul aprovizion\u0103rii pentru sezonul rece, iar t\u00e2rgul agro-alimentar &#8222;\u009dToamna Buzoian\u0103&#8221;\u009d este o ocazie perfect\u0103 pentru cei care vor s\u0103-\u0219i umple c\u0103m\u0103rile cu bun\u0103t\u0103\u021bi.\u00c2\u00a0 Timp de o s\u0103pt\u0103m\u00e2n\u0103, \u00een spa\u021biul care g\u0103zduie\u0219te un alt t\u00e2rg tradi\u021bional, Dr\u0103gaica, zeci de produc\u0103tori din tot jude\u021bul Buz\u0103u &#8211; agricultori, gr\u0103dinari, apicultori, viticultori &#8211; vor oferi spre v\u00e2nzare cele mai bune roade ale toamnei. Edilul municipiului Buz\u0103u, Constantin Toma, precizeaz\u0103 c\u0103 au fost accepta\u021bi cu standuri la t\u00e2rg doar comercian\u021bi care sunt cu taxele \u0219i impozitele la zi.<\/p>\n<p>Evenimentul va \u00eencepe duminic\u0103, la ora 13.00, iar invitat de onoare este Ministrul Agriculturii, Petre Daea, un oaspete deja obi\u0219nuit \u00c2\u00a0al t\u00e2rgului de toamn\u0103 de la Buz\u0103u. \u00cen fiecare sear\u0103, vor avea loc \u0219i spectacole de muziz\u0103 popular\u0103. Printre invita\u021bi va fi \u0219i \u00eendr\u0103gitul artist de muzic\u0103 l\u0103ut\u0103reasc\u0103 Ionel Tudorache, cel care va fi acompaniat de taraful s\u0103u.<\/p>\n<p>\u00cen cadrul festivalului &#8222;\u017eToamna Buzoian\u0103&#8221;\u009d, t\u00e2rg organizat de \u00c2\u00a0Prim\u0103ria Buz\u0103u \u0219i Direc\u021bia Agricol\u0103, produc\u0103torii autohtoni ofer\u0103 spre v\u00e2nzare legume \u0219i fructe de sezon, preparate tradi\u021bionale din carne \u0219i din lapte, produse apicole, must, vinuri rom\u00e2ne\u0219ti, dulciuri, precum \u0219i obiecte de artizanat. Intrarea este liber\u0103!<\/p>\n","protected":false},"excerpt":{"rendered":"<p>Se d\u0103 startul aprovizion\u0103rii pentru sezonul rece, iar t\u00e2rgul agro-alimentar &#8222;\u009dToamna Buzoian\u0103&#8221;\u009d este o ocazie perfect\u0103 pentru cei care vor s\u0103-\u0219i umple c\u0103m\u0103rile cu bun\u0103t\u0103\u021bi.\u00c2\u00a0 Timp de o s\u0103pt\u0103m\u00e2n\u0103, \u00een spa\u021biul care g\u0103zduie\u0219te un alt t\u00e2rg tradi\u021bional, Dr\u0103gaica, zeci de produc\u0103tori din tot jude\u021bul Buz\u0103u &#8211; agricultori, gr\u0103dinari, apicultori, viticultori &#8211; vor oferi spre v\u00e2nzare cele mai bune roade ale toamnei. Edilul municipiului Buz\u0103u, Constantin Toma, precizeaz\u0103 c\u0103 au fost accepta\u021bi cu standuri la t\u00e2rg doar comercian\u021bi care sunt cu taxele \u0219i impozitele la zi. Evenimentul va \u00eencepe duminic\u0103, la&hellip;<\/p>\n","protected":false},"author":4,"featured_media":15655,"comment_status":"closed","ping_status":"closed","sticky":false,"template":"","format":"standard","meta":{"footnotes":""},"categories":[168],"tags":[5663,3058,2580,5662],"class_list":["post-15654","post","type-post","status-publish","format-standard","has-post-thumbnail","hentry","category-informatia-de-buzau","tag-agricol","tag-dragaica","tag-muzica","tag-toamna-buzoiana"],"gutentor_comment":0,"_links":{"self":[{"href":"https:\/\/scurtpe2.ro\/index.php?rest_route=\/wp\/v2\/posts\/15654","targetHints":{"allow":["GET"]}}],"collection":[{"href":"https:\/\/scurtpe2.ro\/index.php?rest_route=\/wp\/v2\/posts"}],"about":[{"href":"https:\/\/scurtpe2.ro\/index.php?rest_route=\/wp\/v2\/types\/post"}],"author":[{"embeddable":true,"href":"https:\/\/scurtpe2.ro\/index.php?rest_route=\/wp\/v2\/users\/4"}],"replies":[{"embeddable":true,"href":"https:\/\/scurtpe2.ro\/index.php?rest_route=%2Fwp%2Fv2%2Fcomments&post=15654"}],"version-history":[{"count":1,"href":"https:\/\/scurtpe2.ro\/index.php?rest_route=\/wp\/v2\/posts\/15654\/revisions"}],"predecessor-version":[{"id":15656,"href":"https:\/\/scurtpe2.ro\/index.php?rest_route=\/wp\/v2\/posts\/15654\/revisions\/15656"}],"wp:featuredmedia":[{"embeddable":true,"href":"https:\/\/scurtpe2.ro\/index.php?rest_route=\/wp\/v2\/media\/15655"}],"wp:attachment":[{"href":"https:\/\/scurtpe2.ro\/index.php?rest_route=%2Fwp%2Fv2%2Fmedia&parent=15654"}],"wp:term":[{"taxonomy":"category","embeddable":true,"href":"https:\/\/scurtpe2.ro\/index.php?rest_route=%2Fwp%2Fv2%2Fcategories&post=15654"},{"taxonomy":"post_tag","embeddable":true,"href":"https:\/\/scurtpe2.ro\/index.php?rest_route=%2Fwp%2Fv2%2Ftags&post=15654"}],"curies":[{"name":"wp","href":"https:\/\/api.w.org\/{rel}","templated":true}]}}