{"id":15651,"date":"2022-09-15T08:23:19","date_gmt":"2022-09-15T05:23:19","guid":{"rendered":"https:\/\/scurtpe2.ro\/?p=15651"},"modified":"2022-09-15T08:23:19","modified_gmt":"2022-09-15T05:23:19","slug":"proiecte-continuate","status":"publish","type":"post","link":"https:\/\/scurtpe2.ro\/?p=15651","title":{"rendered":"PROIECTE CONTINUATE"},"content":{"rendered":"<p>Optimi\u0219ti \u0219i dornici s\u0103 \u00eenve\u021be carte. A\u0219a au \u00eenceput noul an \u0219colar elevii \u0218colii Gimnaziale ,,Gheorghe Vernescu&#8221;\u009d din R\u00e2mnicu S\u0103rat. Pe parcursul acestui an, conducerea unit\u0103\u021bii de \u00eenv\u0103\u021b\u0103m\u00e2nt \u0219i-a propus s\u0103 continue proiectele demarate \u00een 2021. Unul dintre acestea este demarat \u00een parteneriat cu Prim\u0103ria R\u00e2mnicu S\u0103rat \u0219i vizeaz\u0103 sc\u0103derea num\u0103rului de copii afla\u021bi \u00een risc de s\u0103r\u0103cie \u0219i excluziune social.<\/p>\n<p>De asemenea, \u0219coala Gimnazial\u0103 ,,Gheorghe Vernescu&#8221;\u009d din R\u00e2mnicu S\u0103rat este unitate pilot prin proiectul ,,\u0218coala campus &#8222;\u201c\u0219coala copiilor ferici\u021bi&#8221;\u009d.<\/p>\n<p>\u00cen acest an \u0219colar, unitatea de \u00eenv\u0103\u021b\u0103m\u00e2nt vine cu noutate \u0219i va opera catalogul electronic.<\/p>\n<p>Elevii au participat activ \u0219i au sprijinit cadrele didactice pentru implementarea tuturor proiectelor demarate \u00een unitatea de \u00eenv\u0103\u021b\u0103m\u00e2nt din Rm. S\u0103rat.<\/p>\n","protected":false},"excerpt":{"rendered":"<p>Optimi\u0219ti \u0219i dornici s\u0103 \u00eenve\u021be carte. A\u0219a au \u00eenceput noul an \u0219colar elevii \u0218colii Gimnaziale ,,Gheorghe Vernescu&#8221;\u009d din R\u00e2mnicu S\u0103rat. Pe parcursul acestui an, conducerea unit\u0103\u021bii de \u00eenv\u0103\u021b\u0103m\u00e2nt \u0219i-a propus s\u0103 continue proiectele demarate \u00een 2021. Unul dintre acestea este demarat \u00een parteneriat cu Prim\u0103ria R\u00e2mnicu S\u0103rat \u0219i vizeaz\u0103 sc\u0103derea num\u0103rului de copii afla\u021bi \u00een risc de s\u0103r\u0103cie \u0219i excluziune social. De asemenea, \u0219coala Gimnazial\u0103 ,,Gheorghe Vernescu&#8221;\u009d din R\u00e2mnicu S\u0103rat este unitate pilot prin proiectul ,,\u0218coala campus &#8222;\u201c\u0219coala copiilor ferici\u021bi&#8221;\u009d. \u00cen acest an \u0219colar, unitatea de \u00eenv\u0103\u021b\u0103m\u00e2nt vine cu noutate&hellip;<\/p>\n","protected":false},"author":4,"featured_media":15652,"comment_status":"closed","ping_status":"closed","sticky":false,"template":"","format":"standard","meta":{"footnotes":""},"categories":[165],"tags":[639,5540,2257,5661],"class_list":["post-15651","post","type-post","status-publish","format-standard","has-post-thumbnail","hentry","category-informatia-de-ramnic","tag-copii","tag-excluziune-sociala","tag-proiecte","tag-scoala-gimnaziala"],"gutentor_comment":0,"_links":{"self":[{"href":"https:\/\/scurtpe2.ro\/index.php?rest_route=\/wp\/v2\/posts\/15651","targetHints":{"allow":["GET"]}}],"collection":[{"href":"https:\/\/scurtpe2.ro\/index.php?rest_route=\/wp\/v2\/posts"}],"about":[{"href":"https:\/\/scurtpe2.ro\/index.php?rest_route=\/wp\/v2\/types\/post"}],"author":[{"embeddable":true,"href":"https:\/\/scurtpe2.ro\/index.php?rest_route=\/wp\/v2\/users\/4"}],"replies":[{"embeddable":true,"href":"https:\/\/scurtpe2.ro\/index.php?rest_route=%2Fwp%2Fv2%2Fcomments&post=15651"}],"version-history":[{"count":1,"href":"https:\/\/scurtpe2.ro\/index.php?rest_route=\/wp\/v2\/posts\/15651\/revisions"}],"predecessor-version":[{"id":15653,"href":"https:\/\/scurtpe2.ro\/index.php?rest_route=\/wp\/v2\/posts\/15651\/revisions\/15653"}],"wp:featuredmedia":[{"embeddable":true,"href":"https:\/\/scurtpe2.ro\/index.php?rest_route=\/wp\/v2\/media\/15652"}],"wp:attachment":[{"href":"https:\/\/scurtpe2.ro\/index.php?rest_route=%2Fwp%2Fv2%2Fmedia&parent=15651"}],"wp:term":[{"taxonomy":"category","embeddable":true,"href":"https:\/\/scurtpe2.ro\/index.php?rest_route=%2Fwp%2Fv2%2Fcategories&post=15651"},{"taxonomy":"post_tag","embeddable":true,"href":"https:\/\/scurtpe2.ro\/index.php?rest_route=%2Fwp%2Fv2%2Ftags&post=15651"}],"curies":[{"name":"wp","href":"https:\/\/api.w.org\/{rel}","templated":true}]}}