{"id":15645,"date":"2022-09-13T18:50:52","date_gmt":"2022-09-13T15:50:52","guid":{"rendered":"https:\/\/scurtpe2.ro\/?p=15645"},"modified":"2022-09-13T18:50:52","modified_gmt":"2022-09-13T15:50:52","slug":"lipsa-medicilor-o-problema-cronica","status":"publish","type":"post","link":"https:\/\/scurtpe2.ro\/?p=15645","title":{"rendered":"LIPSA MEDICILOR, O PROBLEM\u0102 CRONIC\u0102"},"content":{"rendered":"<p>Lipsa medicilor din Spitalul Municipal R\u00e2mnicu S\u0103rat creeaz\u0103 \u00een continuare probleme. At\u00e2t locuitorii municipiului, c\u00e2t \u0219i cei din comunele arondate sunt \u00eengrijora\u021bi de situa\u021bia din unitatea medical\u0103 \u0219i trimit redac\u021biei numeroase \u00eentreb\u0103ri privind soarta spitalului. Imposibilitatea asigur\u0103rii permanen\u021bei serviciilor medicale la Camerele de gard\u0103 \u0219i realizarea interven\u021biilor \u00een sala de opera\u021bie doar \u00een urma program\u0103rii\u00c2\u00a0sunt doar c\u00e2teva dintre situa\u021biile care \u00eei nelini\u0219tesc pe oameni. Autorit\u0103\u021bile din Rm. S\u0103rat cunosc situa\u021bia \u0219i sus\u021bin c\u0103 nu este vorba de lipsa de implicare a administra\u021biei locale, lipsa medicilor fiind o problem\u0103 a \u00eentregului sistem medical din Rom\u00e2nia. Una dintre cauzele care au condus la criza de speciali\u0219ti vizeaz\u0103 oportunit\u0103\u021bile ap\u0103rute pe pia\u021b\u0103 muncii, cei mai mul\u021bi medicii prefer\u00e2nd centrele universitare sau mediul privat.<\/p>\n<p>Primarul din Rm. S\u0103rat, Sorin C\u00eerjan, consider\u0103 c\u0103 problemele sistemului medical nu pot fi rezolvate la nivel local, ci pot fi solu\u021bionate \u00een urma unor modific\u0103ri legislative.<\/p>\n<p>Edilul spune c\u0103 unele probleme din Spitalul Municipal s-au\u00c2\u00a0 rezolvat, \u00een urma \u00eencheierii unor contracte de colaborare cu medici ATI-i\u0219ti \u0219i un chirurg. Dar nici \u00een aceste condi\u021bii, nu se poate asigura permanen\u021ba \u00een realizarea interven\u021biilor \u00een sala de opera\u021bie. O alt\u0103 problem\u0103 destul de grav\u0103 se \u00eenregistreaz\u0103 \u0219i la \u00c2\u00a0Radiologie.<\/p>\n<p>\u00cen ciuda argumentelor invocate de autorit\u0103\u021bi, pacien\u021bii care se adreseaz\u0103 Spitalului Municipal R\u00e2mnicu S\u0103rat solicit\u0103 ca cei \u00een m\u0103sur\u0103 s\u0103 rezolve aceast\u0103 situa\u021bie, s\u0103 g\u0103seasc\u0103 rapid solu\u021biile, pentru c\u0103 to\u021bi oamenii au drepul la s\u0103n\u0103tate \u0219i via\u021b\u0103.<\/p>\n","protected":false},"excerpt":{"rendered":"<p>Lipsa medicilor din Spitalul Municipal R\u00e2mnicu S\u0103rat creeaz\u0103 \u00een continuare probleme. At\u00e2t locuitorii municipiului, c\u00e2t \u0219i cei din comunele arondate sunt \u00eengrijora\u021bi de situa\u021bia din unitatea medical\u0103 \u0219i trimit redac\u021biei numeroase \u00eentreb\u0103ri privind soarta spitalului. Imposibilitatea asigur\u0103rii permanen\u021bei serviciilor medicale la Camerele de gard\u0103 \u0219i realizarea interven\u021biilor \u00een sala de opera\u021bie doar \u00een urma program\u0103rii\u00c2\u00a0sunt doar c\u00e2teva dintre situa\u021biile care \u00eei nelini\u0219tesc pe oameni. Autorit\u0103\u021bile din Rm. S\u0103rat cunosc situa\u021bia \u0219i sus\u021bin c\u0103 nu este vorba de lipsa de implicare a administra\u021biei locale, lipsa medicilor fiind o problem\u0103 a \u00eentregului&hellip;<\/p>\n","protected":false},"author":4,"featured_media":14614,"comment_status":"closed","ping_status":"closed","sticky":false,"template":"","format":"standard","meta":{"footnotes":""},"categories":[165],"tags":[5344,233,976,746],"class_list":["post-15645","post","type-post","status-publish","format-standard","has-post-thumbnail","hentry","category-informatia-de-ramnic","tag-legislatie","tag-medici","tag-primar","tag-spital-municipal"],"gutentor_comment":0,"_links":{"self":[{"href":"https:\/\/scurtpe2.ro\/index.php?rest_route=\/wp\/v2\/posts\/15645","targetHints":{"allow":["GET"]}}],"collection":[{"href":"https:\/\/scurtpe2.ro\/index.php?rest_route=\/wp\/v2\/posts"}],"about":[{"href":"https:\/\/scurtpe2.ro\/index.php?rest_route=\/wp\/v2\/types\/post"}],"author":[{"embeddable":true,"href":"https:\/\/scurtpe2.ro\/index.php?rest_route=\/wp\/v2\/users\/4"}],"replies":[{"embeddable":true,"href":"https:\/\/scurtpe2.ro\/index.php?rest_route=%2Fwp%2Fv2%2Fcomments&post=15645"}],"version-history":[{"count":1,"href":"https:\/\/scurtpe2.ro\/index.php?rest_route=\/wp\/v2\/posts\/15645\/revisions"}],"predecessor-version":[{"id":15646,"href":"https:\/\/scurtpe2.ro\/index.php?rest_route=\/wp\/v2\/posts\/15645\/revisions\/15646"}],"wp:featuredmedia":[{"embeddable":true,"href":"https:\/\/scurtpe2.ro\/index.php?rest_route=\/wp\/v2\/media\/14614"}],"wp:attachment":[{"href":"https:\/\/scurtpe2.ro\/index.php?rest_route=%2Fwp%2Fv2%2Fmedia&parent=15645"}],"wp:term":[{"taxonomy":"category","embeddable":true,"href":"https:\/\/scurtpe2.ro\/index.php?rest_route=%2Fwp%2Fv2%2Fcategories&post=15645"},{"taxonomy":"post_tag","embeddable":true,"href":"https:\/\/scurtpe2.ro\/index.php?rest_route=%2Fwp%2Fv2%2Ftags&post=15645"}],"curies":[{"name":"wp","href":"https:\/\/api.w.org\/{rel}","templated":true}]}}