{"id":14616,"date":"2022-02-25T19:02:29","date_gmt":"2022-02-25T16:02:29","guid":{"rendered":"http:\/\/www.scurtpe2.ro\/?p=14616"},"modified":"2022-02-25T19:02:29","modified_gmt":"2022-02-25T16:02:29","slug":"fostul-spital-bratianu-aproape-de-inaugurare","status":"publish","type":"post","link":"https:\/\/scurtpe2.ro\/?p=14616","title":{"rendered":"FOSTUL SPITAL BR\u0102TIANU, APROAPE DE INAUGURARE"},"content":{"rendered":"<p>Noul Centru Muzeal din Buz\u0103u, g\u0103zduit de cl\u0103direa fostului Spital Br\u0103tianu, este aproape de inaugurare. Reprezentan\u021bii Consiliului Jude\u021bean Buz\u0103u precizeaz\u0103 c\u0103, deocamdat\u0103, se lucreaz\u0103 la amenaj\u0103rile interioare, urm\u00e2nd ca Centrul s\u0103 fie deschis publicului \u00een preajma s\u0103rb\u0103torilor pascale. Autorit\u0103\u021bile jude\u021bene au f\u0103cut ultimele demersuri pentru achizi\u021bionarea mobilierului, dar \u0219i pentru amenajarea unei noi intr\u0103ri \u00een curtea interioar\u0103 a Centrului Muzeal.<\/p>\n<p>Pentru modernizarea cl\u0103dirii cu valoare de patrimoniu, din municipiul Buz\u0103u, au fost alocate 4 milioane de euro, din bugetul de investi\u021bii al Uniunii Europene.<\/p>\n<p>Dup\u0103 reabilitare, \u00een cl\u0103dire va func\u021biona un centru muzeal, iar de jur \u00eemprejur, va fi amenajat\u0103 o gr\u0103din\u0103 public\u0103, cu o f\u00e2nt\u00e2n\u0103 artezian\u0103 \u0219i b\u0103ncu\u021be, unde buzoienii se pot relaxa \u00een timpul liber.\u00c2\u00a0Totodat\u0103, \u00een cadrul centrului muzeal vor avea loc \u0219i activit\u0103\u021bi culturale, \u00eentr-un amfitetaru care va fi amenajat \u00een curtea interioar\u0103. Acolo, vor avea loc spectacole, lans\u0103ri de carte \u0219i diferite alte evenimente artistice.<\/p>\n","protected":false},"excerpt":{"rendered":"<p>Noul Centru Muzeal din Buz\u0103u, g\u0103zduit de cl\u0103direa fostului Spital Br\u0103tianu, este aproape de inaugurare. Reprezentan\u021bii Consiliului Jude\u021bean Buz\u0103u precizeaz\u0103 c\u0103, deocamdat\u0103, se lucreaz\u0103 la amenaj\u0103rile interioare, urm\u00e2nd ca Centrul s\u0103 fie deschis publicului \u00een preajma s\u0103rb\u0103torilor pascale. Autorit\u0103\u021bile jude\u021bene au f\u0103cut ultimele demersuri pentru achizi\u021bionarea mobilierului, dar \u0219i pentru amenajarea unei noi intr\u0103ri \u00een curtea interioar\u0103 a Centrului Muzeal. Pentru modernizarea cl\u0103dirii cu valoare de patrimoniu, din municipiul Buz\u0103u, au fost alocate 4 milioane de euro, din bugetul de investi\u021bii al Uniunii Europene. Dup\u0103 reabilitare, \u00een cl\u0103dire va func\u021biona&hellip;<\/p>\n","protected":false},"author":4,"featured_media":14617,"comment_status":"closed","ping_status":"closed","sticky":false,"template":"","format":"standard","meta":{"footnotes":""},"categories":[168],"tags":[1680,5315,1686,3817,3687],"class_list":["post-14616","post","type-post","status-publish","format-standard","has-post-thumbnail","hentry","category-informatia-de-buzau","tag-amfiteatru","tag-bratianu","tag-centru-muzeal","tag-cj-buzau","tag-cultural"],"gutentor_comment":0,"_links":{"self":[{"href":"https:\/\/scurtpe2.ro\/index.php?rest_route=\/wp\/v2\/posts\/14616","targetHints":{"allow":["GET"]}}],"collection":[{"href":"https:\/\/scurtpe2.ro\/index.php?rest_route=\/wp\/v2\/posts"}],"about":[{"href":"https:\/\/scurtpe2.ro\/index.php?rest_route=\/wp\/v2\/types\/post"}],"author":[{"embeddable":true,"href":"https:\/\/scurtpe2.ro\/index.php?rest_route=\/wp\/v2\/users\/4"}],"replies":[{"embeddable":true,"href":"https:\/\/scurtpe2.ro\/index.php?rest_route=%2Fwp%2Fv2%2Fcomments&post=14616"}],"version-history":[{"count":0,"href":"https:\/\/scurtpe2.ro\/index.php?rest_route=\/wp\/v2\/posts\/14616\/revisions"}],"wp:featuredmedia":[{"embeddable":true,"href":"https:\/\/scurtpe2.ro\/index.php?rest_route=\/wp\/v2\/media\/14617"}],"wp:attachment":[{"href":"https:\/\/scurtpe2.ro\/index.php?rest_route=%2Fwp%2Fv2%2Fmedia&parent=14616"}],"wp:term":[{"taxonomy":"category","embeddable":true,"href":"https:\/\/scurtpe2.ro\/index.php?rest_route=%2Fwp%2Fv2%2Fcategories&post=14616"},{"taxonomy":"post_tag","embeddable":true,"href":"https:\/\/scurtpe2.ro\/index.php?rest_route=%2Fwp%2Fv2%2Ftags&post=14616"}],"curies":[{"name":"wp","href":"https:\/\/api.w.org\/{rel}","templated":true}]}}