{"id":14563,"date":"2022-02-16T18:00:09","date_gmt":"2022-02-16T15:00:09","guid":{"rendered":"http:\/\/www.scurtpe2.ro\/?p=14563"},"modified":"2022-02-23T11:24:45","modified_gmt":"2022-02-23T08:24:45","slug":"reabilitarea-sectiei-upu-smurd-gata-de-start","status":"publish","type":"post","link":"https:\/\/scurtpe2.ro\/?p=14563","title":{"rendered":"REABILITAREA SEC\u021aIEI UPU &#8211; SMURD, GATA DE START"},"content":{"rendered":"<p>Lucr\u0103rile de modernizare a sec\u021biei UPU-SMURD a Spitalului Jude\u021bean Buz\u0103u vor \u00eencepe c\u00e2t de cur\u00e2nd, dup\u0103 aproape trei ani de c\u00e2nd a fost semnat contractul de finan\u021bare cu bani europeni a investi\u021biei. Consiliul Jude\u021bean Buz\u0103u a aprobat, ast\u0103zi, \u00eentr-o \u0219edin\u021b\u0103 extraordinar\u0103, un proiect de hot\u0103r\u00e2re prin care s-a actualizat valoarea total\u0103 a proiectului. Valoarea investi\u021biei este 5 milioane de euro Consiliul Jude\u021bean Buz\u0103u contribuind cu dou\u0103 treimi din sum\u0103, restul fiind contribu\u021bia Uniunii Europene.<\/p>\n<p>Extinderea Unit\u0103\u021bii de Primiri Urgen\u021be presupune construirea unui alt corp de cl\u0103dire, subsol \u0219i parter, paralel cu actualul imobil cu care va comunica printr-un culoar de leg\u0103tur\u0103 \u0219i care va extinde suprafa\u021ba total\u0103 la peste 1000 de metri p\u0103tra\u021bi, la parter, \u0219i aproape 1000 de metri p\u0103tra\u021bi, la subsol, unde va fi amenajat\u0103 \u0219i o parcare de 800 de metri p\u0103tra\u021bi. Durata de implementare a proiectului este de 24 de luni.<\/p>\n<p>\u00cen momentul \u00eenceperii lucr\u0103rilor de\u00c2\u00a0reabilitare, Unitatea de Primiri Urgen\u021be va r\u0103m\u00e2ne func\u021bional\u0103 din punct de vedere medical, pentru c\u0103 se va lucra \u00een paralel, prin amenajarea de module \u0219i compartiment\u0103ri, astfel \u00eenc\u00e2t pacien\u021bii s\u0103 nu aib\u0103 de suferit.<\/p>\n","protected":false},"excerpt":{"rendered":"<p>Lucr\u0103rile de modernizare a sec\u021biei UPU-SMURD a Spitalului Jude\u021bean Buz\u0103u vor \u00eencepe c\u00e2t de cur\u00e2nd, dup\u0103 aproape trei ani de c\u00e2nd a fost semnat contractul de finan\u021bare cu bani europeni a investi\u021biei. Consiliul Jude\u021bean Buz\u0103u a aprobat, ast\u0103zi, \u00eentr-o \u0219edin\u021b\u0103 extraordinar\u0103, un proiect de hot\u0103r\u00e2re prin care s-a actualizat valoarea total\u0103 a proiectului. Valoarea investi\u021biei este 5 milioane de euro Consiliul Jude\u021bean Buz\u0103u contribuind cu dou\u0103 treimi din sum\u0103, restul fiind contribu\u021bia Uniunii Europene. Extinderea Unit\u0103\u021bii de Primiri Urgen\u021be presupune construirea unui alt corp de cl\u0103dire, subsol \u0219i parter, paralel&hellip;<\/p>\n","protected":false},"author":4,"featured_media":14564,"comment_status":"closed","ping_status":"closed","sticky":false,"template":"","format":"standard","meta":{"footnotes":""},"categories":[168],"tags":[3817,447,1588,264,5201],"class_list":["post-14563","post","type-post","status-publish","format-standard","has-post-thumbnail","hentry","category-informatia-de-buzau","tag-cj-buzau","tag-parcare","tag-reabilitare","tag-spital-judetean","tag-upu-smurd"],"gutentor_comment":0,"_links":{"self":[{"href":"https:\/\/scurtpe2.ro\/index.php?rest_route=\/wp\/v2\/posts\/14563","targetHints":{"allow":["GET"]}}],"collection":[{"href":"https:\/\/scurtpe2.ro\/index.php?rest_route=\/wp\/v2\/posts"}],"about":[{"href":"https:\/\/scurtpe2.ro\/index.php?rest_route=\/wp\/v2\/types\/post"}],"author":[{"embeddable":true,"href":"https:\/\/scurtpe2.ro\/index.php?rest_route=\/wp\/v2\/users\/4"}],"replies":[{"embeddable":true,"href":"https:\/\/scurtpe2.ro\/index.php?rest_route=%2Fwp%2Fv2%2Fcomments&post=14563"}],"version-history":[{"count":0,"href":"https:\/\/scurtpe2.ro\/index.php?rest_route=\/wp\/v2\/posts\/14563\/revisions"}],"wp:featuredmedia":[{"embeddable":true,"href":"https:\/\/scurtpe2.ro\/index.php?rest_route=\/wp\/v2\/media\/14564"}],"wp:attachment":[{"href":"https:\/\/scurtpe2.ro\/index.php?rest_route=%2Fwp%2Fv2%2Fmedia&parent=14563"}],"wp:term":[{"taxonomy":"category","embeddable":true,"href":"https:\/\/scurtpe2.ro\/index.php?rest_route=%2Fwp%2Fv2%2Fcategories&post=14563"},{"taxonomy":"post_tag","embeddable":true,"href":"https:\/\/scurtpe2.ro\/index.php?rest_route=%2Fwp%2Fv2%2Ftags&post=14563"}],"curies":[{"name":"wp","href":"https:\/\/api.w.org\/{rel}","templated":true}]}}