{"id":14473,"date":"2022-02-11T17:39:25","date_gmt":"2022-02-11T14:39:25","guid":{"rendered":"http:\/\/www.scurtpe2.ro\/?p=14473"},"modified":"2022-02-11T17:39:25","modified_gmt":"2022-02-11T14:39:25","slug":"buget-mai-mare-dar-tot-e-nevoie-de-bani-europeni","status":"publish","type":"post","link":"https:\/\/scurtpe2.ro\/?p=14473","title":{"rendered":"BUGET MAI MARE, DAR TOT E NEVOIE DE BANI EUROPENI"},"content":{"rendered":"<p>\u0218i jude\u021bul Buz\u0103u are de ast\u0103zi un buget aprobat. Este vorba despre aproximativ 100 de milioane de euro, cu 20 de milioane de euro mai mare dec\u00e2t cel de anul trecut! Pre\u0219edintele Consiliului Jude\u021bean Buz\u0103u, Petre Emanoil Neagu, spune c\u0103 \u00een acest buget nu au fost incluse fondurile ce vor fi atrase prin intermediul programelor derulate cu Ministerul Dezvolt\u0103rii, precum \u0219i fondurile europene.<\/p>\n<p>\u0218i \u00een 2022, principala \u021bint\u0103 a administra\u021biei jude\u021bene vizeaz\u0103 atragerea de fonduri europene, pentru demararea de noi proiecte de modernizare a infrastructurii.<\/p>\n<p>\u00cen acest an, bugetul jude\u021bului a fost adoptat mult mai devreme dec\u00e2t \u00een ultimii ani. Asta va face ca startul investi\u021biilor s\u0103 fie dat imediat ce vremea va permite deschiderea \u0219antierelor \u00een exterior.<\/p>\n","protected":false},"excerpt":{"rendered":"<p>\u0218i jude\u021bul Buz\u0103u are de ast\u0103zi un buget aprobat. Este vorba despre aproximativ 100 de milioane de euro, cu 20 de milioane de euro mai mare dec\u00e2t cel de anul trecut! Pre\u0219edintele Consiliului Jude\u021bean Buz\u0103u, Petre Emanoil Neagu, spune c\u0103 \u00een acest buget nu au fost incluse fondurile ce vor fi atrase prin intermediul programelor derulate cu Ministerul Dezvolt\u0103rii, precum \u0219i fondurile europene. \u0218i \u00een 2022, principala \u021bint\u0103 a administra\u021biei jude\u021bene vizeaz\u0103 atragerea de fonduri europene, pentru demararea de noi proiecte de modernizare a infrastructurii. \u00cen acest an, bugetul jude\u021bului&hellip;<\/p>\n","protected":false},"author":4,"featured_media":11256,"comment_status":"closed","ping_status":"closed","sticky":false,"template":"","format":"standard","meta":{"footnotes":""},"categories":[173],"tags":[574,3817,1600,2257],"class_list":["post-14473","post","type-post","status-publish","format-standard","has-post-thumbnail","hentry","category-administrativ","tag-buget","tag-cj-buzau","tag-fonduri-europene","tag-proiecte"],"gutentor_comment":0,"_links":{"self":[{"href":"https:\/\/scurtpe2.ro\/index.php?rest_route=\/wp\/v2\/posts\/14473","targetHints":{"allow":["GET"]}}],"collection":[{"href":"https:\/\/scurtpe2.ro\/index.php?rest_route=\/wp\/v2\/posts"}],"about":[{"href":"https:\/\/scurtpe2.ro\/index.php?rest_route=\/wp\/v2\/types\/post"}],"author":[{"embeddable":true,"href":"https:\/\/scurtpe2.ro\/index.php?rest_route=\/wp\/v2\/users\/4"}],"replies":[{"embeddable":true,"href":"https:\/\/scurtpe2.ro\/index.php?rest_route=%2Fwp%2Fv2%2Fcomments&post=14473"}],"version-history":[{"count":0,"href":"https:\/\/scurtpe2.ro\/index.php?rest_route=\/wp\/v2\/posts\/14473\/revisions"}],"wp:featuredmedia":[{"embeddable":true,"href":"https:\/\/scurtpe2.ro\/index.php?rest_route=\/wp\/v2\/media\/11256"}],"wp:attachment":[{"href":"https:\/\/scurtpe2.ro\/index.php?rest_route=%2Fwp%2Fv2%2Fmedia&parent=14473"}],"wp:term":[{"taxonomy":"category","embeddable":true,"href":"https:\/\/scurtpe2.ro\/index.php?rest_route=%2Fwp%2Fv2%2Fcategories&post=14473"},{"taxonomy":"post_tag","embeddable":true,"href":"https:\/\/scurtpe2.ro\/index.php?rest_route=%2Fwp%2Fv2%2Ftags&post=14473"}],"curies":[{"name":"wp","href":"https:\/\/api.w.org\/{rel}","templated":true}]}}