{"id":14444,"date":"2022-02-04T19:00:20","date_gmt":"2022-02-04T16:00:20","guid":{"rendered":"http:\/\/www.scurtpe2.ro\/?p=14444"},"modified":"2022-02-04T18:25:18","modified_gmt":"2022-02-04T15:25:18","slug":"actiuni-in-interesul-oamenilor","status":"publish","type":"post","link":"https:\/\/scurtpe2.ro\/?p=14444","title":{"rendered":"AC\u021aIUNI \u00ceN INTERESUL OAMENILOR"},"content":{"rendered":"<p>Reprezentan\u021bii Alian\u021bei pentru Unirea Rom\u00e2nilor consider\u0103 c\u0103 majorarea galopant\u0103 a pre\u021burilor la energie, pe care o resimt, \u00een prezent, to\u021bi rom\u00e2nii, putea fi stopat\u0103 \u00eenc\u0103 din var\u0103. Deputatul AUR, Nicolae Roman, i-a cerut, \u00een scris, pre\u0219edintelui Senatului, Florin C\u00e2\u021bu, explica\u021bii privind explozia pre\u021burilor la gaze \u0219i curent electric, \u00een contextul \u00een care, \u00een var\u0103, Guvernul era condus chiar de liberal. Nicolae Roman este convins c\u0103 Florin C\u00ee\u021bu putea evita majorarea pre\u021burilor la energie, dac\u0103 ar fi luat de atunci m\u0103surile necesare.<\/p>\n<p>\u00cen ceea ce prive\u0219te activitatea sa parlamentar\u0103, \u00een anul care a trecut, deputatul AUR de Buz\u0103u spune c\u0103 are numeroase motive de satisfac\u021bie. Nicolae Roman consider\u0103 c\u0103 a muncit pentru interesul cet\u0103\u021benilor \u0219i i-a reprezentat cum se cuvine pe buzoieni, prin ini\u021biativele legislative pe care le-a promovat, prin interpel\u0103ri \u0219i, \u00een general, prin ac\u021biunile desf\u0103\u0219urate, at\u00e2t \u00een Camera Deputa\u021bilor, c\u00e2t \u0219i \u00een teritoriu.<\/p>\n<p>Nicolae Roman dezminte zvonurile privind anumite disensiuni la v\u00e2rful AUR, \u00eentre cei doi lideri, deputatul George Simion \u0219i senatorul Claudiu T\u00e2rziu. El spune c\u0103 aceste informa\u021bii nu sunt altceva dec\u00e2t ni\u0219te atacuri concertate, at\u00e2t din \u021bar\u0103, c\u00e2t \u0219i din str\u0103in\u0103tate, cu rolul de a destabiliza partidul.<\/p>\n<p>Deputatul AUR precizeaz\u0103 c\u0103 cei doi lideri ai partidului se \u00een\u021beleg foarte bine \u0219i chiar nu au motive de disput\u0103, mai ales acum, \u00eentr-un moment de cre\u0219tere evident\u0103 a forma\u021biunii \u00een preferin\u021bele rom\u00e2nilor.<\/p>\n","protected":false},"excerpt":{"rendered":"<p>Reprezentan\u021bii Alian\u021bei pentru Unirea Rom\u00e2nilor consider\u0103 c\u0103 majorarea galopant\u0103 a pre\u021burilor la energie, pe care o resimt, \u00een prezent, to\u021bi rom\u00e2nii, putea fi stopat\u0103 \u00eenc\u0103 din var\u0103. Deputatul AUR, Nicolae Roman, i-a cerut, \u00een scris, pre\u0219edintelui Senatului, Florin C\u00e2\u021bu, explica\u021bii privind explozia pre\u021burilor la gaze \u0219i curent electric, \u00een contextul \u00een care, \u00een var\u0103, Guvernul era condus chiar de liberal. Nicolae Roman este convins c\u0103 Florin C\u00ee\u021bu putea evita majorarea pre\u021burilor la energie, dac\u0103 ar fi luat de atunci m\u0103surile necesare. \u00cen ceea ce prive\u0219te activitatea sa parlamentar\u0103, \u00een anul&hellip;<\/p>\n","protected":false},"author":4,"featured_media":11788,"comment_status":"closed","ping_status":"closed","sticky":false,"template":"","format":"standard","meta":{"footnotes":""},"categories":[168],"tags":[3535,1587,4979,3606,4149],"class_list":["post-14444","post","type-post","status-publish","format-standard","has-post-thumbnail","hentry","category-informatia-de-buzau","tag-aur","tag-cetateni","tag-energie","tag-lideri","tag-nicolae-roman"],"gutentor_comment":0,"_links":{"self":[{"href":"https:\/\/scurtpe2.ro\/index.php?rest_route=\/wp\/v2\/posts\/14444","targetHints":{"allow":["GET"]}}],"collection":[{"href":"https:\/\/scurtpe2.ro\/index.php?rest_route=\/wp\/v2\/posts"}],"about":[{"href":"https:\/\/scurtpe2.ro\/index.php?rest_route=\/wp\/v2\/types\/post"}],"author":[{"embeddable":true,"href":"https:\/\/scurtpe2.ro\/index.php?rest_route=\/wp\/v2\/users\/4"}],"replies":[{"embeddable":true,"href":"https:\/\/scurtpe2.ro\/index.php?rest_route=%2Fwp%2Fv2%2Fcomments&post=14444"}],"version-history":[{"count":0,"href":"https:\/\/scurtpe2.ro\/index.php?rest_route=\/wp\/v2\/posts\/14444\/revisions"}],"wp:featuredmedia":[{"embeddable":true,"href":"https:\/\/scurtpe2.ro\/index.php?rest_route=\/wp\/v2\/media\/11788"}],"wp:attachment":[{"href":"https:\/\/scurtpe2.ro\/index.php?rest_route=%2Fwp%2Fv2%2Fmedia&parent=14444"}],"wp:term":[{"taxonomy":"category","embeddable":true,"href":"https:\/\/scurtpe2.ro\/index.php?rest_route=%2Fwp%2Fv2%2Fcategories&post=14444"},{"taxonomy":"post_tag","embeddable":true,"href":"https:\/\/scurtpe2.ro\/index.php?rest_route=%2Fwp%2Fv2%2Ftags&post=14444"}],"curies":[{"name":"wp","href":"https:\/\/api.w.org\/{rel}","templated":true}]}}