{"id":14437,"date":"2022-02-03T18:14:50","date_gmt":"2022-02-03T15:14:50","guid":{"rendered":"http:\/\/www.scurtpe2.ro\/?p=14437"},"modified":"2022-02-03T18:14:50","modified_gmt":"2022-02-03T15:14:50","slug":"se-mai-primesc-cereri-pentru-ajutorul-de-incalzire","status":"publish","type":"post","link":"https:\/\/scurtpe2.ro\/?p=14437","title":{"rendered":"SE MAI PRIMESC CERERI PENTRU AJUTORUL DE \u00ceNC\u0102LZIRE"},"content":{"rendered":"<p class=\"yiv0510913379ydpdbadd1aamsonormal\" style=\"background: white;\"><span lang=\"EN-US\" style=\"font-size: 18.0pt;\">R\u00e2mnicenii pot depune \u00een continuare actele \u00een vederea acord\u0103rii ajutorului pentru \u00eenc\u0103lzirea locuin\u021bei, dar vor primi bani doar pentru perioada care a mai r\u0103mas din acest sezon rece. \u00cen luna ianuarie, Direc\u021bia de Asisten\u021b\u0103 Social\u0103 a mai primit 4 cereri pentru acordarea ajutorului la \u00eenc\u0103lzirea cu gaze naturale \u0219i 23 de cereri pentru \u00eenc\u0103lzirea locuin\u021bei cu lemne.<\/span><\/p>\n<p class=\"yiv0510913379ydpdbadd1aamsonormal\" style=\"background: white;\"><span lang=\"EN-US\" style=\"font-size: 18.0pt;\">Pensionarii nu trebuie s\u0103 \u00ee\u0219i fac\u0103 griji \u00een privin\u021ba acord\u0103rii ajutorului pentru \u00eenc\u0103lzirea locuin\u021bei. Major\u0103rile de pensii \u0219i sumele cu caracter social acordate \u00een luna ianuarie nu sunt luate \u00een calcul la plata ajutorului pentru \u00eenc\u0103lzirea imobilului.<\/span><\/p>\n<p class=\"yiv0510913379ydpdbadd1aamsonormal\" style=\"background: white;\"><span lang=\"EN-US\" style=\"font-size: 18.0pt;\">\u00cen prezent, aproximativ 1.200 de\u00c2\u00a0r\u00e2mniceni beneficiaz\u0103 de ajutor pentru \u00eenc\u0103lzirea locuin\u021bei cu gaze naturale, energie electric\u0103, \u00een sistem centralizat, lemne sau combustibili petrolieri.<\/span><\/p>\n","protected":false},"excerpt":{"rendered":"<p>R\u00e2mnicenii pot depune \u00een continuare actele \u00een vederea acord\u0103rii ajutorului pentru \u00eenc\u0103lzirea locuin\u021bei, dar vor primi bani doar pentru perioada care a mai r\u0103mas din acest sezon rece. \u00cen luna ianuarie, Direc\u021bia de Asisten\u021b\u0103 Social\u0103 a mai primit 4 cereri pentru acordarea ajutorului la \u00eenc\u0103lzirea cu gaze naturale \u0219i 23 de cereri pentru \u00eenc\u0103lzirea locuin\u021bei cu lemne. Pensionarii nu trebuie s\u0103 \u00ee\u0219i fac\u0103 griji \u00een privin\u021ba acord\u0103rii ajutorului pentru \u00eenc\u0103lzirea locuin\u021bei. Major\u0103rile de pensii \u0219i sumele cu caracter social acordate \u00een luna ianuarie nu sunt luate \u00een calcul la plata&hellip;<\/p>\n","protected":false},"author":4,"featured_media":10751,"comment_status":"closed","ping_status":"closed","sticky":false,"template":"","format":"standard","meta":{"footnotes":""},"categories":[165],"tags":[3190,938,778,5053],"class_list":["post-14437","post","type-post","status-publish","format-standard","has-post-thumbnail","hentry","category-informatia-de-ramnic","tag-ajutor-incalzire","tag-asistenta-sociala","tag-ramniceni","tag-sezon-rece"],"gutentor_comment":0,"_links":{"self":[{"href":"https:\/\/scurtpe2.ro\/index.php?rest_route=\/wp\/v2\/posts\/14437","targetHints":{"allow":["GET"]}}],"collection":[{"href":"https:\/\/scurtpe2.ro\/index.php?rest_route=\/wp\/v2\/posts"}],"about":[{"href":"https:\/\/scurtpe2.ro\/index.php?rest_route=\/wp\/v2\/types\/post"}],"author":[{"embeddable":true,"href":"https:\/\/scurtpe2.ro\/index.php?rest_route=\/wp\/v2\/users\/4"}],"replies":[{"embeddable":true,"href":"https:\/\/scurtpe2.ro\/index.php?rest_route=%2Fwp%2Fv2%2Fcomments&post=14437"}],"version-history":[{"count":0,"href":"https:\/\/scurtpe2.ro\/index.php?rest_route=\/wp\/v2\/posts\/14437\/revisions"}],"wp:featuredmedia":[{"embeddable":true,"href":"https:\/\/scurtpe2.ro\/index.php?rest_route=\/wp\/v2\/media\/10751"}],"wp:attachment":[{"href":"https:\/\/scurtpe2.ro\/index.php?rest_route=%2Fwp%2Fv2%2Fmedia&parent=14437"}],"wp:term":[{"taxonomy":"category","embeddable":true,"href":"https:\/\/scurtpe2.ro\/index.php?rest_route=%2Fwp%2Fv2%2Fcategories&post=14437"},{"taxonomy":"post_tag","embeddable":true,"href":"https:\/\/scurtpe2.ro\/index.php?rest_route=%2Fwp%2Fv2%2Ftags&post=14437"}],"curies":[{"name":"wp","href":"https:\/\/api.w.org\/{rel}","templated":true}]}}