{"id":14413,"date":"2022-01-28T19:40:53","date_gmt":"2022-01-28T16:40:53","guid":{"rendered":"http:\/\/www.scurtpe2.ro\/?p=14413"},"modified":"2022-01-28T19:40:53","modified_gmt":"2022-01-28T16:40:53","slug":"raceli-dar-si-covid-in-scoli","status":"publish","type":"post","link":"https:\/\/scurtpe2.ro\/?p=14413","title":{"rendered":"R\u0102CELI, DAR \u0218I COVID, \u00ceN \u0218COLI"},"content":{"rendered":"<p>Tot mai mul\u021bi elevi din R\u00e2mnicu S\u0103rat acuz\u0103 afec\u021biuni respiratorii specifice sezonului rece. Chiar dac\u0103 \u00een multe \u00c2\u00a0situa\u021bii nu este vorba de o infectare cu Covid-19, dasc\u0103lii monitorizeaz\u0103 atent situa\u021bia elevilor, astfel \u00eenc\u00e2t orele de curs s\u0103 se desf\u0103\u0219oare f\u0103r\u0103 probleme.<\/p>\n<p>La \u0218coala num\u0103rul 1 din Rm S\u0103rat, purtarea corect\u0103 a m\u0103\u0219tii de protec\u021bie \u0219i respectarea tuturor m\u0103surilor de igien\u0103 sunt m\u0103suri esen\u021biale pentru a preveni infect\u0103rile \u00een r\u00e2ndul elevilor \u0219i dasc\u0103lilor.<\/p>\n<p>\u0218i la Liceul Teoretic ,,\u0218tefan cel Mare&#8221;\u009d din R\u00e2mnicu S\u0103rat, siguran\u021ba copiilor \u0219i a cadrelor didactice reprezint\u0103 o prioritate. \u00cen unitate, sunt \u00eenregistrate cazuri de coronavirus, at\u00e2t \u00een r\u00e2ndul\u00c2\u00a0\u00c2\u00a0elevilor, c\u00e2t \u0219i \u00een cel al profesorilor, dar situa\u021bia nu este alarmant\u0103.<\/p>\n<p>Reprezentan\u021bii liceului spun c\u0103 au luat toate m\u0103surile pentru ca elevii s\u0103 simt\u0103 \u00een siguran\u021b\u0103 la \u0219coal\u0103.<\/p>\n<p>De\u0219i elevii au beneficiat de tot confortul la ore, unit\u0103\u021bile de \u00eenv\u0103\u021b\u0103m\u00e2nt din Rm S\u0103rat nu s-au confruntat, deocamdat\u0103, cu facturi uria\u0219e la utilit\u0103\u021bi.<\/p>\n<p>Reprezentan\u021bii Prim\u0103riei R\u00e2mnicu S\u0103rat au avut d\u00c3\u00a9j\u00c3\u00a0 o prim\u0103 \u00eent\u00e2lnire cu directorii \u0219colilor din ora\u0219, \u00een cadrul c\u0103reia s-a discutat \u0219i despre \u00eenc\u0103lzirea unit\u0103\u021bilor de \u00eenv\u0103\u021b\u0103m\u00e2nt. Profesorii au fost aten\u021biona\u021bi s\u0103 manifeste grij\u0103 pentru elevi,s\u0103 nu tremure \u00een b\u0103nci, dar s\u0103 fie aten\u021bi \u0219i la facturi, s\u0103 nu fie prea mari.<\/p>\n<p>Directorii unit\u0103\u021bilor de \u00eenv\u0103\u021b\u0103m\u00e2nt din Rm S\u0103rat \u0219i-au preluat mandatul, din aceast\u0103 lun\u0103, \u00een urma concursului organizat la sf\u00e2r\u0219itul anului 2021.<\/p>\n","protected":false},"excerpt":{"rendered":"<p>Tot mai mul\u021bi elevi din R\u00e2mnicu S\u0103rat acuz\u0103 afec\u021biuni respiratorii specifice sezonului rece. Chiar dac\u0103 \u00een multe \u00c2\u00a0situa\u021bii nu este vorba de o infectare cu Covid-19, dasc\u0103lii monitorizeaz\u0103 atent situa\u021bia elevilor, astfel \u00eenc\u00e2t orele de curs s\u0103 se desf\u0103\u0219oare f\u0103r\u0103 probleme. La \u0218coala num\u0103rul 1 din Rm S\u0103rat, purtarea corect\u0103 a m\u0103\u0219tii de protec\u021bie \u0219i respectarea tuturor m\u0103surilor de igien\u0103 sunt m\u0103suri esen\u021biale pentru a preveni infect\u0103rile \u00een r\u00e2ndul elevilor \u0219i dasc\u0103lilor. \u0218i la Liceul Teoretic ,,\u0218tefan cel Mare&#8221;\u009d din R\u00e2mnicu S\u0103rat, siguran\u021ba copiilor \u0219i a cadrelor didactice reprezint\u0103 o&hellip;<\/p>\n","protected":false},"author":4,"featured_media":9227,"comment_status":"closed","ping_status":"closed","sticky":false,"template":"","format":"standard","meta":{"footnotes":""},"categories":[165],"tags":[397,246,3608,1338,907],"class_list":["post-14413","post","type-post","status-publish","format-standard","has-post-thumbnail","hentry","category-informatia-de-ramnic","tag-covid","tag-elevi","tag-facturi","tag-scoli","tag-siguranta"],"gutentor_comment":0,"_links":{"self":[{"href":"https:\/\/scurtpe2.ro\/index.php?rest_route=\/wp\/v2\/posts\/14413","targetHints":{"allow":["GET"]}}],"collection":[{"href":"https:\/\/scurtpe2.ro\/index.php?rest_route=\/wp\/v2\/posts"}],"about":[{"href":"https:\/\/scurtpe2.ro\/index.php?rest_route=\/wp\/v2\/types\/post"}],"author":[{"embeddable":true,"href":"https:\/\/scurtpe2.ro\/index.php?rest_route=\/wp\/v2\/users\/4"}],"replies":[{"embeddable":true,"href":"https:\/\/scurtpe2.ro\/index.php?rest_route=%2Fwp%2Fv2%2Fcomments&post=14413"}],"version-history":[{"count":0,"href":"https:\/\/scurtpe2.ro\/index.php?rest_route=\/wp\/v2\/posts\/14413\/revisions"}],"wp:featuredmedia":[{"embeddable":true,"href":"https:\/\/scurtpe2.ro\/index.php?rest_route=\/wp\/v2\/media\/9227"}],"wp:attachment":[{"href":"https:\/\/scurtpe2.ro\/index.php?rest_route=%2Fwp%2Fv2%2Fmedia&parent=14413"}],"wp:term":[{"taxonomy":"category","embeddable":true,"href":"https:\/\/scurtpe2.ro\/index.php?rest_route=%2Fwp%2Fv2%2Fcategories&post=14413"},{"taxonomy":"post_tag","embeddable":true,"href":"https:\/\/scurtpe2.ro\/index.php?rest_route=%2Fwp%2Fv2%2Ftags&post=14413"}],"curies":[{"name":"wp","href":"https:\/\/api.w.org\/{rel}","templated":true}]}}