{"id":14402,"date":"2022-01-27T18:37:03","date_gmt":"2022-01-27T15:37:03","guid":{"rendered":"http:\/\/www.scurtpe2.ro\/?p=14402"},"modified":"2022-01-28T18:39:44","modified_gmt":"2022-01-28T15:39:44","slug":"blocurile-cu-bulina-reabilitate-cu-bani-de-la-stat","status":"publish","type":"post","link":"https:\/\/scurtpe2.ro\/?p=14402","title":{"rendered":"BLOCURILE CU BULIN\u0102, REABILITATE CU BANI DE LA STAT"},"content":{"rendered":"<p>Ca peste tot \u00een \u021bar\u0103, \u0219i \u00een municipiului Buz\u0103u exist\u0103 numeroase cl\u0103diri care prezint\u0103 un risc major \u00een cazul unui cutremur. Mai exact, este vorba de 44 de blocuri de locuin\u021be \u0219i cl\u0103diri care, \u00een urma unor evalu\u0103ri, sunt considerate vulnerabile \u00een cazul producerii unui seism. Primarul Buz\u0103ului, Constantin Toma, anun\u021b\u0103 c\u0103 20 de blocuri cu risc seismic major vor fi consolidate integral cu bani de la stat. Aceasta \u00eenseamn\u0103 c\u0103 proprietarii din imobile nu vor fi nevoi\u021bi s\u0103 achite niciun leu.<\/p>\n<p>Primele blocuri ar putea fi consolidate chiar \u00eencep\u00e2nd din acest an. Edilul Constantin Toma spune c\u0103 \u00een perioada lucr\u0103rilor de consolidare, de o complexitate aparte, locatarii blocurilor supuse reabilit\u0103rii se vor muta, temporar, prin rota\u021bie, \u00een apartamante puse la dispozi\u021bie de Prim\u0103ria Buz\u0103u, \u00een fostul sediu al Companiei de ap\u0103.<\/p>\n<p>Dincolo de faptul c\u0103 vor fi mai sigure \u00een caz de seism, blocurile reabilitate cu bani de la Stat vor avea \u0219i un aspect \u00eembun\u0103t\u0103\u021bit. Cel mai bun exemplu este cel al blocurilor din centrul Buz\u0103ului, proiectate \u0219i construite \u00een anii &#8222;\u02dc60, cu un design mult \u00eenvechit. De asemenea, Pia\u021ba Dacia va fi modernizat\u0103, \u00eencep\u00e2nd de luna viitoare, ceea ce va face ca \u00eentreg centrul ora\u0219ului s\u0103-\u0219i schimbe radical \u00eenf\u0103\u021bi\u0219area.<\/p>\n","protected":false},"excerpt":{"rendered":"<p>Ca peste tot \u00een \u021bar\u0103, \u0219i \u00een municipiului Buz\u0103u exist\u0103 numeroase cl\u0103diri care prezint\u0103 un risc major \u00een cazul unui cutremur. Mai exact, este vorba de 44 de blocuri de locuin\u021be \u0219i cl\u0103diri care, \u00een urma unor evalu\u0103ri, sunt considerate vulnerabile \u00een cazul producerii unui seism. Primarul Buz\u0103ului, Constantin Toma, anun\u021b\u0103 c\u0103 20 de blocuri cu risc seismic major vor fi consolidate integral cu bani de la stat. Aceasta \u00eenseamn\u0103 c\u0103 proprietarii din imobile nu vor fi nevoi\u021bi s\u0103 achite niciun leu. Primele blocuri ar putea fi consolidate chiar \u00eencep\u00e2nd&hellip;<\/p>\n","protected":false},"author":4,"featured_media":9432,"comment_status":"closed","ping_status":"closed","sticky":false,"template":"","format":"standard","meta":{"footnotes":""},"categories":[168],"tags":[5265,5266,1588],"class_list":["post-14402","post","type-post","status-publish","format-standard","has-post-thumbnail","hentry","category-informatia-de-buzau","tag-blocuri-bulina-rosie","tag-cutremur","tag-reabilitare"],"gutentor_comment":0,"_links":{"self":[{"href":"https:\/\/scurtpe2.ro\/index.php?rest_route=\/wp\/v2\/posts\/14402","targetHints":{"allow":["GET"]}}],"collection":[{"href":"https:\/\/scurtpe2.ro\/index.php?rest_route=\/wp\/v2\/posts"}],"about":[{"href":"https:\/\/scurtpe2.ro\/index.php?rest_route=\/wp\/v2\/types\/post"}],"author":[{"embeddable":true,"href":"https:\/\/scurtpe2.ro\/index.php?rest_route=\/wp\/v2\/users\/4"}],"replies":[{"embeddable":true,"href":"https:\/\/scurtpe2.ro\/index.php?rest_route=%2Fwp%2Fv2%2Fcomments&post=14402"}],"version-history":[{"count":0,"href":"https:\/\/scurtpe2.ro\/index.php?rest_route=\/wp\/v2\/posts\/14402\/revisions"}],"wp:featuredmedia":[{"embeddable":true,"href":"https:\/\/scurtpe2.ro\/index.php?rest_route=\/wp\/v2\/media\/9432"}],"wp:attachment":[{"href":"https:\/\/scurtpe2.ro\/index.php?rest_route=%2Fwp%2Fv2%2Fmedia&parent=14402"}],"wp:term":[{"taxonomy":"category","embeddable":true,"href":"https:\/\/scurtpe2.ro\/index.php?rest_route=%2Fwp%2Fv2%2Fcategories&post=14402"},{"taxonomy":"post_tag","embeddable":true,"href":"https:\/\/scurtpe2.ro\/index.php?rest_route=%2Fwp%2Fv2%2Ftags&post=14402"}],"curies":[{"name":"wp","href":"https:\/\/api.w.org\/{rel}","templated":true}]}}