{"id":14379,"date":"2022-01-26T18:00:36","date_gmt":"2022-01-26T15:00:36","guid":{"rendered":"http:\/\/www.scurtpe2.ro\/?p=14379"},"modified":"2022-01-26T19:03:49","modified_gmt":"2022-01-26T16:03:49","slug":"fara-masini-parcate-pe-unirii","status":"publish","type":"post","link":"https:\/\/scurtpe2.ro\/?p=14379","title":{"rendered":"F\u0102R\u0102 MA\u0218INI PARCATE PE UNIRII"},"content":{"rendered":"<p>Motiv de \u00eengrijorare pentru zeci de mii de buzoieni! \u00cen viitorul apropiat, ma\u0219inile nu ar mai putea fi parcate pe B-dul Unirii, cea mai important\u0103 arter\u0103 din municipiul Buz\u0103u. M\u0103sura ar putea fi aplicat\u0103 \u0219i pe alte artere din municipiu, cu trafic rutier intens.<\/p>\n<p>Primarul municipiului Buz\u0103u, Constantin Toma, spune c\u0103 speciali\u0219tii din Prim\u0103ria Buz\u0103u caut\u0103 solu\u021bii pentru ca punctele termice nefunc\u021bionale din spatele blocurilor de pe b-dul Unirii s\u0103 fie demolate, iar \u00een locul lor s\u0103 se amenajeze parc\u0103ri. Desfiin\u021barea parc\u0103rilor de pe b-dul Unirii se va face doar dup\u0103 ce vor fi amenajate c\u00e2teva sute de noi locuri de parcare \u00een spatele blocurilor.<\/p>\n<p>\u00cen prezent, cel mai mare bulevard al ora\u0219ului Buz\u0103u se afl\u0103 \u00een plin proces de reabilitare, cu bani europeni. Lucr\u0103rile vor fi gata la sf\u00e2r\u0219itul acestui an.<\/p>\n","protected":false},"excerpt":{"rendered":"<p>Motiv de \u00eengrijorare pentru zeci de mii de buzoieni! \u00cen viitorul apropiat, ma\u0219inile nu ar mai putea fi parcate pe B-dul Unirii, cea mai important\u0103 arter\u0103 din municipiul Buz\u0103u. M\u0103sura ar putea fi aplicat\u0103 \u0219i pe alte artere din municipiu, cu trafic rutier intens. Primarul municipiului Buz\u0103u, Constantin Toma, spune c\u0103 speciali\u0219tii din Prim\u0103ria Buz\u0103u caut\u0103 solu\u021bii pentru ca punctele termice nefunc\u021bionale din spatele blocurilor de pe b-dul Unirii s\u0103 fie demolate, iar \u00een locul lor s\u0103 se amenajeze parc\u0103ri. Desfiin\u021barea parc\u0103rilor de pe b-dul Unirii se va face doar&hellip;<\/p>\n","protected":false},"author":4,"featured_media":13518,"comment_status":"closed","ping_status":"closed","sticky":false,"template":"","format":"standard","meta":{"footnotes":""},"categories":[173,168],"tags":[447,530,728,5259],"class_list":["post-14379","post","type-post","status-publish","format-standard","has-post-thumbnail","hentry","category-administrativ","category-informatia-de-buzau","tag-parcare","tag-primaria-buzau","tag-trafic","tag-unirii"],"gutentor_comment":0,"_links":{"self":[{"href":"https:\/\/scurtpe2.ro\/index.php?rest_route=\/wp\/v2\/posts\/14379","targetHints":{"allow":["GET"]}}],"collection":[{"href":"https:\/\/scurtpe2.ro\/index.php?rest_route=\/wp\/v2\/posts"}],"about":[{"href":"https:\/\/scurtpe2.ro\/index.php?rest_route=\/wp\/v2\/types\/post"}],"author":[{"embeddable":true,"href":"https:\/\/scurtpe2.ro\/index.php?rest_route=\/wp\/v2\/users\/4"}],"replies":[{"embeddable":true,"href":"https:\/\/scurtpe2.ro\/index.php?rest_route=%2Fwp%2Fv2%2Fcomments&post=14379"}],"version-history":[{"count":0,"href":"https:\/\/scurtpe2.ro\/index.php?rest_route=\/wp\/v2\/posts\/14379\/revisions"}],"wp:featuredmedia":[{"embeddable":true,"href":"https:\/\/scurtpe2.ro\/index.php?rest_route=\/wp\/v2\/media\/13518"}],"wp:attachment":[{"href":"https:\/\/scurtpe2.ro\/index.php?rest_route=%2Fwp%2Fv2%2Fmedia&parent=14379"}],"wp:term":[{"taxonomy":"category","embeddable":true,"href":"https:\/\/scurtpe2.ro\/index.php?rest_route=%2Fwp%2Fv2%2Fcategories&post=14379"},{"taxonomy":"post_tag","embeddable":true,"href":"https:\/\/scurtpe2.ro\/index.php?rest_route=%2Fwp%2Fv2%2Ftags&post=14379"}],"curies":[{"name":"wp","href":"https:\/\/api.w.org\/{rel}","templated":true}]}}