{"id":14375,"date":"2022-01-25T19:00:01","date_gmt":"2022-01-25T16:00:01","guid":{"rendered":"http:\/\/www.scurtpe2.ro\/?p=14375"},"modified":"2022-01-25T18:29:17","modified_gmt":"2022-01-25T15:29:17","slug":"timpuri-noi-solutii-moderne-la-muzeul-judetean","status":"publish","type":"post","link":"https:\/\/scurtpe2.ro\/?p=14375","title":{"rendered":"TIMPURI NOI, SOLU\u021aII MODERNE LA MUZEUL JUDE\u021aEAN"},"content":{"rendered":"<p>Surpriz\u0103 pentru vizitatorii Muzeului Jude\u021bean de Istorie Buz\u0103u! Chiar din acest an, exponatele din mai multe sec\u021bii ale institu\u021biei vor avea aplicate coduri QR. Asta \u00eenseamn\u0103 c\u0103 un vizitator, posesor de smartphone sau tablet\u0103, poate afla mult mai multe detalii dec\u00e2t p\u00e2n\u0103 acum, despre un exponat, dup\u0103 scanarea codului QR ata\u0219at acestuia.<\/p>\n<p>Demersul face parte din programul Smart Museum, ini\u021biat \u00een 2018.\u00c2\u00a0 Pentru \u00eenceput, coduri QR vor fi aplicate exponatelor din sec\u021biile art\u0103, istorie \u0219i arheologie, urm\u00e2nd ca acest sistem s\u0103 fie aplicat \u0219i celorlalte sec\u021bii ale muzeului. De asemenea, tot din 2022, va fi lansat\u0103 o aplica\u021bie de smartphone dedicat\u0103 Muzeului Jude\u021bean Buz\u0103u.<\/p>\n<p>Tot din acest an, va fi lansat publicului un tur virtual al Muzeului de etnografie \u0219i folclor Vergu M\u0103n\u0103il\u0103, sec\u021bie exterioar\u0103 a Muzeului Jude\u021bean.<\/p>\n","protected":false},"excerpt":{"rendered":"<p>Surpriz\u0103 pentru vizitatorii Muzeului Jude\u021bean de Istorie Buz\u0103u! Chiar din acest an, exponatele din mai multe sec\u021bii ale institu\u021biei vor avea aplicate coduri QR. Asta \u00eenseamn\u0103 c\u0103 un vizitator, posesor de smartphone sau tablet\u0103, poate afla mult mai multe detalii dec\u00e2t p\u00e2n\u0103 acum, despre un exponat, dup\u0103 scanarea codului QR ata\u0219at acestuia. Demersul face parte din programul Smart Museum, ini\u021biat \u00een 2018.\u00c2\u00a0 Pentru \u00eenceput, coduri QR vor fi aplicate exponatelor din sec\u021biile art\u0103, istorie \u0219i arheologie, urm\u00e2nd ca acest sistem s\u0103 fie aplicat \u0219i celorlalte sec\u021bii ale muzeului. De asemenea,&hellip;<\/p>\n","protected":false},"author":4,"featured_media":8010,"comment_status":"closed","ping_status":"closed","sticky":false,"template":"","format":"standard","meta":{"footnotes":""},"categories":[168],"tags":[5254,627,5256,5255],"class_list":["post-14375","post","type-post","status-publish","format-standard","has-post-thumbnail","hentry","category-informatia-de-buzau","tag-cod-qr","tag-muzeu-judetean","tag-smart-museum","tag-vergu-manaila"],"gutentor_comment":0,"_links":{"self":[{"href":"https:\/\/scurtpe2.ro\/index.php?rest_route=\/wp\/v2\/posts\/14375","targetHints":{"allow":["GET"]}}],"collection":[{"href":"https:\/\/scurtpe2.ro\/index.php?rest_route=\/wp\/v2\/posts"}],"about":[{"href":"https:\/\/scurtpe2.ro\/index.php?rest_route=\/wp\/v2\/types\/post"}],"author":[{"embeddable":true,"href":"https:\/\/scurtpe2.ro\/index.php?rest_route=\/wp\/v2\/users\/4"}],"replies":[{"embeddable":true,"href":"https:\/\/scurtpe2.ro\/index.php?rest_route=%2Fwp%2Fv2%2Fcomments&post=14375"}],"version-history":[{"count":0,"href":"https:\/\/scurtpe2.ro\/index.php?rest_route=\/wp\/v2\/posts\/14375\/revisions"}],"wp:featuredmedia":[{"embeddable":true,"href":"https:\/\/scurtpe2.ro\/index.php?rest_route=\/wp\/v2\/media\/8010"}],"wp:attachment":[{"href":"https:\/\/scurtpe2.ro\/index.php?rest_route=%2Fwp%2Fv2%2Fmedia&parent=14375"}],"wp:term":[{"taxonomy":"category","embeddable":true,"href":"https:\/\/scurtpe2.ro\/index.php?rest_route=%2Fwp%2Fv2%2Fcategories&post=14375"},{"taxonomy":"post_tag","embeddable":true,"href":"https:\/\/scurtpe2.ro\/index.php?rest_route=%2Fwp%2Fv2%2Ftags&post=14375"}],"curies":[{"name":"wp","href":"https:\/\/api.w.org\/{rel}","templated":true}]}}