{"id":14351,"date":"2022-01-20T19:53:54","date_gmt":"2022-01-20T16:53:54","guid":{"rendered":"http:\/\/www.scurtpe2.ro\/?p=14351"},"modified":"2022-01-20T19:54:12","modified_gmt":"2022-01-20T16:54:12","slug":"activi-la-inceput-de-an","status":"publish","type":"post","link":"https:\/\/scurtpe2.ro\/?p=14351","title":{"rendered":"ACTIVI LA \u00ceNCEPUT DE AN"},"content":{"rendered":"<p>Incidentul de la Prim\u0103ria Timi\u0219oara, unde liderul AUR, George Simion, \u0219i c\u00e2teva zeci de simpatizan\u021bi ai partidului, au \u00eencercat s\u0103 ob\u021bin\u0103 o audien\u021b\u0103 la primarul\u00c2\u00a0Dominic Fritz\u00c2\u00a0a fost relatat denaturat de c\u0103tre unii jurnali\u0219ti. Precizarea apar\u021bine deputatului AUR de Buz\u0103u, Nicolae Roman, care spune c\u0103 grupul Alian\u021bei pentru Unirea Rom\u00e2nilor nu a for\u021bat intrarea \u00een Prim\u0103ria Timi\u0219oara \u0219i nici nu a produs vreun scandal.<\/p>\n<p>\u00cen acela\u0219i context, Nicolae Roman dezaprob\u0103 comunicatul Asocia\u021biei Municipiilor din Rom\u00e2nia, semnat \u0219i de primarul municipiului Buz\u0103u, Constantin Toma, \u00een calitate de pre\u0219edinte executiv, \u00een care ac\u021biunea AUR de la Prim\u0103ria Timi\u0219oara este catalogat\u0103 drept un act agresiv \u0219i primitiv.<\/p>\n<p>Deputatul AUR spune c\u0103 parlamentarii partidului pe care \u00eel reprezint\u0103 au avut o activitate intens\u0103 \u0219i \u00een vacan\u021ba parlamentar\u0103. Ei au str\u0103b\u0103tut \u021bara \u00een lung \u0219i \u00een lat \u0219i un stat de vorb\u0103 cu foarte mul\u021bi oameni. Nicolae Roman afirm\u0103 c\u0103 a \u00eent\u00e2lnit foarte mul\u021bi rom\u00e2ni nec\u0103ji\u021bi, cu o mul\u021bime de probleme. El le-a promis c\u0103 AUR \u00eei va sprijini \u0219i \u00eei va \u00eendruma pentru dep\u0103\u0219irea neajunsurilor.<\/p>\n<p>Parlamentarul AUR consider\u0103 c\u0103 autorit\u0103\u021bile \u0219i institu\u021biile din Rom\u00e2nia nu acord\u0103 o aten\u021bie suficient\u0103 nici evenimentului de luni, 24 ianuarie, c\u00e2nd este s\u0103rb\u0103torit\u0103 Mica Unire. Din acest motiv, dar \u0219i pentru a marca cum se cuvine unirea Moldovei cu \u00c8\u0161ara Rom\u00e2neasc\u0103, de la 1859, AUR va organiza, la Buz\u0103u, \u00een fa\u021ba Prim\u0103riei, o veritabil\u0103 Hor\u0103 a Unirii.<\/p>\n","protected":false},"excerpt":{"rendered":"<p>Incidentul de la Prim\u0103ria Timi\u0219oara, unde liderul AUR, George Simion, \u0219i c\u00e2teva zeci de simpatizan\u021bi ai partidului, au \u00eencercat s\u0103 ob\u021bin\u0103 o audien\u021b\u0103 la primarul\u00c2\u00a0Dominic Fritz\u00c2\u00a0a fost relatat denaturat de c\u0103tre unii jurnali\u0219ti. Precizarea apar\u021bine deputatului AUR de Buz\u0103u, Nicolae Roman, care spune c\u0103 grupul Alian\u021bei pentru Unirea Rom\u00e2nilor nu a for\u021bat intrarea \u00een Prim\u0103ria Timi\u0219oara \u0219i nici nu a produs vreun scandal. \u00cen acela\u0219i context, Nicolae Roman dezaprob\u0103 comunicatul Asocia\u021biei Municipiilor din Rom\u00e2nia, semnat \u0219i de primarul municipiului Buz\u0103u, Constantin Toma, \u00een calitate de pre\u0219edinte executiv, \u00een care ac\u021biunea&hellip;<\/p>\n","protected":false},"author":4,"featured_media":11788,"comment_status":"closed","ping_status":"closed","sticky":false,"template":"","format":"standard","meta":{"footnotes":""},"categories":[143],"tags":[4152,5242,5241,4149],"class_list":["post-14351","post","type-post","status-publish","format-standard","has-post-thumbnail","hentry","category-editoriale","tag-aur-buzau","tag-hora-unirii","tag-incident-timisoara","tag-nicolae-roman"],"gutentor_comment":0,"_links":{"self":[{"href":"https:\/\/scurtpe2.ro\/index.php?rest_route=\/wp\/v2\/posts\/14351","targetHints":{"allow":["GET"]}}],"collection":[{"href":"https:\/\/scurtpe2.ro\/index.php?rest_route=\/wp\/v2\/posts"}],"about":[{"href":"https:\/\/scurtpe2.ro\/index.php?rest_route=\/wp\/v2\/types\/post"}],"author":[{"embeddable":true,"href":"https:\/\/scurtpe2.ro\/index.php?rest_route=\/wp\/v2\/users\/4"}],"replies":[{"embeddable":true,"href":"https:\/\/scurtpe2.ro\/index.php?rest_route=%2Fwp%2Fv2%2Fcomments&post=14351"}],"version-history":[{"count":0,"href":"https:\/\/scurtpe2.ro\/index.php?rest_route=\/wp\/v2\/posts\/14351\/revisions"}],"wp:featuredmedia":[{"embeddable":true,"href":"https:\/\/scurtpe2.ro\/index.php?rest_route=\/wp\/v2\/media\/11788"}],"wp:attachment":[{"href":"https:\/\/scurtpe2.ro\/index.php?rest_route=%2Fwp%2Fv2%2Fmedia&parent=14351"}],"wp:term":[{"taxonomy":"category","embeddable":true,"href":"https:\/\/scurtpe2.ro\/index.php?rest_route=%2Fwp%2Fv2%2Fcategories&post=14351"},{"taxonomy":"post_tag","embeddable":true,"href":"https:\/\/scurtpe2.ro\/index.php?rest_route=%2Fwp%2Fv2%2Ftags&post=14351"}],"curies":[{"name":"wp","href":"https:\/\/api.w.org\/{rel}","templated":true}]}}