{"id":14326,"date":"2022-01-17T18:18:42","date_gmt":"2022-01-17T15:18:42","guid":{"rendered":"http:\/\/www.scurtpe2.ro\/?p=14326"},"modified":"2022-01-17T18:18:42","modified_gmt":"2022-01-17T15:18:42","slug":"dotarile-au-sporit-eficienta","status":"publish","type":"post","link":"https:\/\/scurtpe2.ro\/?p=14326","title":{"rendered":"DOT\u0102RILE AU SPORIT EFICIEN\u021aA"},"content":{"rendered":"<p class=\"yiv8208436737ydp3f86f0d1msonormal\" style=\"background: white;\"><span lang=\"EN-US\" style=\"font-size: 18.0pt; color: #1d2228;\">Activitatea Poli\u021biei Locale R\u00e2mnicu S\u0103rat a fost mult mai eficient\u0103 \u00een ultimii ani datorit\u0103 echipamentelor cu care agen\u021bii au fost dota\u021bi. Este opinia reprezentan\u021bilor institu\u021biei, care afirm\u0103 c\u0103 dotarea poli\u021bi\u0219tilor cu bodycam-uri a u\u0219urat mult munca poli\u021bi\u0219tilor locali. De asemenea, extinderea sistemului video \u00een municipiu a dat randament, reu\u0219indu-se stoparea depozit\u0103rii ilegale a de\u0219eurilor \u00een anumite zone ale ora\u0219ului.<\/span><\/p>\n<p class=\"yiv8208436737ydp3f86f0d1msonormal\" style=\"background: white;\"><span lang=\"EN-US\" style=\"font-size: 18.0pt; color: #1d2228;\">La finalul anului trecut, Poli\u021bia Local\u0103 R\u00e2mnicu S\u0103rat a fost dotat\u0103 \u0219i cu o autospecial\u0103.<\/span><\/p>\n<p class=\"yiv8208436737ydp3f86f0d1msonormal\" style=\"background: white;\"><span lang=\"EN-US\" style=\"font-size: 18.0pt; color: #1d2228;\">Din anul 2015 \u0219i p\u00e2n\u0103 \u00een prezent, \u00een municipiul R\u00e2mnicu S\u0103rat, s-au montat 165 de camere video. Acestea sunt permanent monitorizate de Compartimentul special din cadrul Poli\u021biei Locale.<\/span><\/p>\n","protected":false},"excerpt":{"rendered":"<p>Activitatea Poli\u021biei Locale R\u00e2mnicu S\u0103rat a fost mult mai eficient\u0103 \u00een ultimii ani datorit\u0103 echipamentelor cu care agen\u021bii au fost dota\u021bi. Este opinia reprezentan\u021bilor institu\u021biei, care afirm\u0103 c\u0103 dotarea poli\u021bi\u0219tilor cu bodycam-uri a u\u0219urat mult munca poli\u021bi\u0219tilor locali. De asemenea, extinderea sistemului video \u00een municipiu a dat randament, reu\u0219indu-se stoparea depozit\u0103rii ilegale a de\u0219eurilor \u00een anumite zone ale ora\u0219ului. La finalul anului trecut, Poli\u021bia Local\u0103 R\u00e2mnicu S\u0103rat a fost dotat\u0103 \u0219i cu o autospecial\u0103. Din anul 2015 \u0219i p\u00e2n\u0103 \u00een prezent, \u00een municipiul R\u00e2mnicu S\u0103rat, s-au montat 165 de camere&hellip;<\/p>\n","protected":false},"author":4,"featured_media":7104,"comment_status":"closed","ping_status":"closed","sticky":false,"template":"","format":"standard","meta":{"footnotes":""},"categories":[173,165],"tags":[5225,1769,3668,720],"class_list":["post-14326","post","type-post","status-publish","format-standard","has-post-thumbnail","hentry","category-administrativ","category-informatia-de-ramnic","tag-bodycam","tag-deseuri","tag-monitorizare","tag-politia-locala"],"gutentor_comment":0,"_links":{"self":[{"href":"https:\/\/scurtpe2.ro\/index.php?rest_route=\/wp\/v2\/posts\/14326","targetHints":{"allow":["GET"]}}],"collection":[{"href":"https:\/\/scurtpe2.ro\/index.php?rest_route=\/wp\/v2\/posts"}],"about":[{"href":"https:\/\/scurtpe2.ro\/index.php?rest_route=\/wp\/v2\/types\/post"}],"author":[{"embeddable":true,"href":"https:\/\/scurtpe2.ro\/index.php?rest_route=\/wp\/v2\/users\/4"}],"replies":[{"embeddable":true,"href":"https:\/\/scurtpe2.ro\/index.php?rest_route=%2Fwp%2Fv2%2Fcomments&post=14326"}],"version-history":[{"count":0,"href":"https:\/\/scurtpe2.ro\/index.php?rest_route=\/wp\/v2\/posts\/14326\/revisions"}],"wp:featuredmedia":[{"embeddable":true,"href":"https:\/\/scurtpe2.ro\/index.php?rest_route=\/wp\/v2\/media\/7104"}],"wp:attachment":[{"href":"https:\/\/scurtpe2.ro\/index.php?rest_route=%2Fwp%2Fv2%2Fmedia&parent=14326"}],"wp:term":[{"taxonomy":"category","embeddable":true,"href":"https:\/\/scurtpe2.ro\/index.php?rest_route=%2Fwp%2Fv2%2Fcategories&post=14326"},{"taxonomy":"post_tag","embeddable":true,"href":"https:\/\/scurtpe2.ro\/index.php?rest_route=%2Fwp%2Fv2%2Ftags&post=14326"}],"curies":[{"name":"wp","href":"https:\/\/api.w.org\/{rel}","templated":true}]}}