{"id":14277,"date":"2022-01-11T18:40:31","date_gmt":"2022-01-11T15:40:31","guid":{"rendered":"http:\/\/www.scurtpe2.ro\/?p=14277"},"modified":"2022-01-11T18:40:31","modified_gmt":"2022-01-11T15:40:31","slug":"investitiile-continua-3","status":"publish","type":"post","link":"https:\/\/scurtpe2.ro\/?p=14277","title":{"rendered":"INVESTI\u021aIILE CONTINU\u0102"},"content":{"rendered":"<p>Continu\u0103 investi\u021biile la Spitalul Municipal Rm. S\u0103rat. Conducerea unit\u0103\u021bii medicale \u0219i-a propus dotarea spitalului cu noi echipamente \u0219i dispozitive medicale performante, dar \u0219i realizarea unei pasarele care s\u0103 fac\u0103 leg\u0103tura \u00eentre noua \u0219i vechea cl\u0103dire a unit\u0103\u021bii. \u00cen ultimii ani, toate sec\u021biile Spitalului Municipal R\u00e2mnicu Sarat au fost modernizate \u0219i dotate cu aparatur\u0103 modern\u0103.<br \/>\nConducerea spitalului sper\u0103 s\u0103 fie schimbat \u0219i sistemul de oxigen \u0219i instala\u021bia electric\u0103 \u00een toat\u0103 unitatea, printr-un proiect european, accesat de Prim\u0103ria R\u00e2mnicu S\u0103rat.<br \/>\nSpitalul Municipal R\u00e2mnicu S\u0103rat deserve\u0219te popula\u021bia din ora\u0219, din toate comunele limitrofe, dar \u0219i pacien\u021bi din localit\u0103\u021bi din jude\u021bul Vrancea. O problem\u0103 cu care se confrunt\u0103 \u00een continuare unitatea o reprezint\u0103 lipsa medicilor.<\/p>\n","protected":false},"excerpt":{"rendered":"<p>Continu\u0103 investi\u021biile la Spitalul Municipal Rm. S\u0103rat. Conducerea unit\u0103\u021bii medicale \u0219i-a propus dotarea spitalului cu noi echipamente \u0219i dispozitive medicale performante, dar \u0219i realizarea unei pasarele care s\u0103 fac\u0103 leg\u0103tura \u00eentre noua \u0219i vechea cl\u0103dire a unit\u0103\u021bii. \u00cen ultimii ani, toate sec\u021biile Spitalului Municipal R\u00e2mnicu Sarat au fost modernizate \u0219i dotate cu aparatur\u0103 modern\u0103. Conducerea spitalului sper\u0103 s\u0103 fie schimbat \u0219i sistemul de oxigen \u0219i instala\u021bia electric\u0103 \u00een toat\u0103 unitatea, printr-un proiect european, accesat de Prim\u0103ria R\u00e2mnicu S\u0103rat. Spitalul Municipal R\u00e2mnicu S\u0103rat deserve\u0219te popula\u021bia din ora\u0219, din toate comunele limitrofe,&hellip;<\/p>\n","protected":false},"author":4,"featured_media":12670,"comment_status":"closed","ping_status":"closed","sticky":false,"template":"","format":"standard","meta":{"footnotes":""},"categories":[165],"tags":[4821,233,263,746],"class_list":["post-14277","post","type-post","status-publish","format-standard","has-post-thumbnail","hentry","category-informatia-de-ramnic","tag-investiii","tag-medici","tag-primarie","tag-spital-municipal"],"gutentor_comment":0,"_links":{"self":[{"href":"https:\/\/scurtpe2.ro\/index.php?rest_route=\/wp\/v2\/posts\/14277","targetHints":{"allow":["GET"]}}],"collection":[{"href":"https:\/\/scurtpe2.ro\/index.php?rest_route=\/wp\/v2\/posts"}],"about":[{"href":"https:\/\/scurtpe2.ro\/index.php?rest_route=\/wp\/v2\/types\/post"}],"author":[{"embeddable":true,"href":"https:\/\/scurtpe2.ro\/index.php?rest_route=\/wp\/v2\/users\/4"}],"replies":[{"embeddable":true,"href":"https:\/\/scurtpe2.ro\/index.php?rest_route=%2Fwp%2Fv2%2Fcomments&post=14277"}],"version-history":[{"count":0,"href":"https:\/\/scurtpe2.ro\/index.php?rest_route=\/wp\/v2\/posts\/14277\/revisions"}],"wp:featuredmedia":[{"embeddable":true,"href":"https:\/\/scurtpe2.ro\/index.php?rest_route=\/wp\/v2\/media\/12670"}],"wp:attachment":[{"href":"https:\/\/scurtpe2.ro\/index.php?rest_route=%2Fwp%2Fv2%2Fmedia&parent=14277"}],"wp:term":[{"taxonomy":"category","embeddable":true,"href":"https:\/\/scurtpe2.ro\/index.php?rest_route=%2Fwp%2Fv2%2Fcategories&post=14277"},{"taxonomy":"post_tag","embeddable":true,"href":"https:\/\/scurtpe2.ro\/index.php?rest_route=%2Fwp%2Fv2%2Ftags&post=14277"}],"curies":[{"name":"wp","href":"https:\/\/api.w.org\/{rel}","templated":true}]}}