{"id":14254,"date":"2022-01-06T18:24:36","date_gmt":"2022-01-06T15:24:36","guid":{"rendered":"http:\/\/www.scurtpe2.ro\/?p=14254"},"modified":"2022-01-07T18:30:00","modified_gmt":"2022-01-07T15:30:00","slug":"planuri-ambitioase-2","status":"publish","type":"post","link":"https:\/\/scurtpe2.ro\/?p=14254","title":{"rendered":"PLANURI AMBI\u021aIOASE"},"content":{"rendered":"<p class=\"yiv3532687430ydpff729b4msonormal\" style=\"background: white;\"><span lang=\"EN-US\" style=\"font-size: 18.0pt;\">Planuri ambi\u021bioase, \u00een acest an, pentru autorit\u0103\u021bile din Topliceni. Anul trecut pandemia a \u00eencurcat multe dintre investi\u021bile propuse, \u00eens\u0103 Prim\u0103ria a reu\u0219it s\u0103 finalizeze c\u00e2teva proiecte a\u0219teptate de \u00eentreaga comunitate. \u00cen 2021, administra\u021bia local\u0103 a reu\u0219it asfaltarea uli\u021belor din satul Ceairu, amenajarea unei parc\u0103ri la Prim\u0103rie, dar \u0219i efectuarea unor lucr\u0103ri de balastare \u0219i montare de rigole.<\/span><\/p>\n<p class=\"yiv3532687430ydpff729b4msonormal\" style=\"background: white;\"><span lang=\"EN-US\" style=\"font-size: 18.0pt;\">Autorit\u0103\u021bile din Topliceni \u00ee\u0219i propun \u0219i mai multe investi\u021bii \u00een 2022. Prim\u0103ria dore\u0219te asfaltarea a 8,6 km\u00c2\u00a0de drum\u00c2\u00a0din comun\u0103, printr-un proiect depus deja la Ministerul Dezvolt\u0103rii, prin Programul Na\u021bional ,,Anghel Saligny&#8221;\u009d. Tot \u00een acest an, Compania de Ap\u0103 Buz\u0103u ar putea demara investi\u021bii importante la Topliceni.<\/span><\/p>\n<p class=\"yiv3532687430ydpff729b4msonormal\" style=\"background: white;\"><span lang=\"EN-US\" style=\"font-size: 18.0pt;\">Localit\u0103\u021bile aflate \u00een administrarea Prim\u0103riei Topliceni sunt Po\u0219ta, R\u0103duce\u0219ti, Gura F\u0103getului, B\u0103beni, Dedule\u0219ti, Topliceni \u0219i Ceairu.<\/span><\/p>\n","protected":false},"excerpt":{"rendered":"<p>Planuri ambi\u021bioase, \u00een acest an, pentru autorit\u0103\u021bile din Topliceni. Anul trecut pandemia a \u00eencurcat multe dintre investi\u021bile propuse, \u00eens\u0103 Prim\u0103ria a reu\u0219it s\u0103 finalizeze c\u00e2teva proiecte a\u0219teptate de \u00eentreaga comunitate. \u00cen 2021, administra\u021bia local\u0103 a reu\u0219it asfaltarea uli\u021belor din satul Ceairu, amenajarea unei parc\u0103ri la Prim\u0103rie, dar \u0219i efectuarea unor lucr\u0103ri de balastare \u0219i montare de rigole. Autorit\u0103\u021bile din Topliceni \u00ee\u0219i propun \u0219i mai multe investi\u021bii \u00een 2022. Prim\u0103ria dore\u0219te asfaltarea a 8,6 km\u00c2\u00a0de drum\u00c2\u00a0din comun\u0103, printr-un proiect depus deja la Ministerul Dezvolt\u0103rii, prin Programul Na\u021bional ,,Anghel Saligny&#8221;\u009d. Tot \u00een&hellip;<\/p>\n","protected":false},"author":4,"featured_media":14255,"comment_status":"closed","ping_status":"closed","sticky":false,"template":"","format":"standard","meta":{"footnotes":""},"categories":[173],"tags":[2989,1844,1011,5182],"class_list":["post-14254","post","type-post","status-publish","format-standard","has-post-thumbnail","hentry","category-administrativ","tag-asfalt","tag-compania-de-apa","tag-investitii","tag-topliceni"],"gutentor_comment":0,"_links":{"self":[{"href":"https:\/\/scurtpe2.ro\/index.php?rest_route=\/wp\/v2\/posts\/14254","targetHints":{"allow":["GET"]}}],"collection":[{"href":"https:\/\/scurtpe2.ro\/index.php?rest_route=\/wp\/v2\/posts"}],"about":[{"href":"https:\/\/scurtpe2.ro\/index.php?rest_route=\/wp\/v2\/types\/post"}],"author":[{"embeddable":true,"href":"https:\/\/scurtpe2.ro\/index.php?rest_route=\/wp\/v2\/users\/4"}],"replies":[{"embeddable":true,"href":"https:\/\/scurtpe2.ro\/index.php?rest_route=%2Fwp%2Fv2%2Fcomments&post=14254"}],"version-history":[{"count":0,"href":"https:\/\/scurtpe2.ro\/index.php?rest_route=\/wp\/v2\/posts\/14254\/revisions"}],"wp:featuredmedia":[{"embeddable":true,"href":"https:\/\/scurtpe2.ro\/index.php?rest_route=\/wp\/v2\/media\/14255"}],"wp:attachment":[{"href":"https:\/\/scurtpe2.ro\/index.php?rest_route=%2Fwp%2Fv2%2Fmedia&parent=14254"}],"wp:term":[{"taxonomy":"category","embeddable":true,"href":"https:\/\/scurtpe2.ro\/index.php?rest_route=%2Fwp%2Fv2%2Fcategories&post=14254"},{"taxonomy":"post_tag","embeddable":true,"href":"https:\/\/scurtpe2.ro\/index.php?rest_route=%2Fwp%2Fv2%2Ftags&post=14254"}],"curies":[{"name":"wp","href":"https:\/\/api.w.org\/{rel}","templated":true}]}}