{"id":14252,"date":"2022-01-06T18:21:17","date_gmt":"2022-01-06T15:21:17","guid":{"rendered":"http:\/\/www.scurtpe2.ro\/?p=14252"},"modified":"2022-01-07T18:23:06","modified_gmt":"2022-01-07T15:23:06","slug":"lucrari-la-inceput-de-an","status":"publish","type":"post","link":"https:\/\/scurtpe2.ro\/?p=14252","title":{"rendered":"LUCR\u0102RI LA \u00ceNCEPUT DE AN"},"content":{"rendered":"<p class=\"yiv1837137938ydp22afd3b0msonormal\" style=\"margin-bottom: .0001pt; background: white;\"><span lang=\"EN-US\" style=\"font-size: 18.0pt;\">Administra\u021bia Domeniului Public R\u00e2mnicu S\u0103rat a demarat primele investi\u021bii din acest an. Lucr\u0103rile vizeaz\u0103 extinderea \u0219i modernizare unei por\u021biuni de pe Bulevardul Digului. Echipele ADP desf\u0103\u0219oar\u0103 lucr\u0103ri de bordurare \u0219i asfaltare \u00een zona din apropierea Pie\u021bei Centrale. Aici urmeaz\u0103 s\u0103 se amenajeze o\u00c2\u00a0parcare pentru ma\u0219inile cu tonaj mai mare de 3,5 tone.<\/span><\/p>\n<p class=\"yiv1837137938ydp22afd3b0msonormal\" style=\"background: white;\"><span lang=\"EN-US\" style=\"font-size: 18.0pt;\">\u00cen perioada urm\u0103toare, \u00een zona Pie\u021bei Centrale din R\u00e2mnicu S\u0103rat ADP va realiza \u0219i alte lucr\u0103ri. De asemenea, autorit\u0103\u021bile locale vor institui la Pia\u021b\u0103 noi m\u0103suri administrative-rutiere pentru fluidizarea traficului, zona fiind una foarte aglomerat\u0103.<\/span><\/p>\n","protected":false},"excerpt":{"rendered":"<p>Administra\u021bia Domeniului Public R\u00e2mnicu S\u0103rat a demarat primele investi\u021bii din acest an. Lucr\u0103rile vizeaz\u0103 extinderea \u0219i modernizare unei por\u021biuni de pe Bulevardul Digului. Echipele ADP desf\u0103\u0219oar\u0103 lucr\u0103ri de bordurare \u0219i asfaltare \u00een zona din apropierea Pie\u021bei Centrale. Aici urmeaz\u0103 s\u0103 se amenajeze o\u00c2\u00a0parcare pentru ma\u0219inile cu tonaj mai mare de 3,5 tone. \u00cen perioada urm\u0103toare, \u00een zona Pie\u021bei Centrale din R\u00e2mnicu S\u0103rat ADP va realiza \u0219i alte lucr\u0103ri. De asemenea, autorit\u0103\u021bile locale vor institui la Pia\u021b\u0103 noi m\u0103suri administrative-rutiere pentru fluidizarea traficului, zona fiind una foarte aglomerat\u0103.<\/p>\n","protected":false},"author":4,"featured_media":13682,"comment_status":"closed","ping_status":"closed","sticky":false,"template":"","format":"standard","meta":{"footnotes":""},"categories":[173],"tags":[980,447,579],"class_list":["post-14252","post","type-post","status-publish","format-standard","has-post-thumbnail","hentry","category-administrativ","tag-adp-rm-sarat","tag-parcare","tag-piata-centrala"],"gutentor_comment":0,"_links":{"self":[{"href":"https:\/\/scurtpe2.ro\/index.php?rest_route=\/wp\/v2\/posts\/14252","targetHints":{"allow":["GET"]}}],"collection":[{"href":"https:\/\/scurtpe2.ro\/index.php?rest_route=\/wp\/v2\/posts"}],"about":[{"href":"https:\/\/scurtpe2.ro\/index.php?rest_route=\/wp\/v2\/types\/post"}],"author":[{"embeddable":true,"href":"https:\/\/scurtpe2.ro\/index.php?rest_route=\/wp\/v2\/users\/4"}],"replies":[{"embeddable":true,"href":"https:\/\/scurtpe2.ro\/index.php?rest_route=%2Fwp%2Fv2%2Fcomments&post=14252"}],"version-history":[{"count":0,"href":"https:\/\/scurtpe2.ro\/index.php?rest_route=\/wp\/v2\/posts\/14252\/revisions"}],"wp:featuredmedia":[{"embeddable":true,"href":"https:\/\/scurtpe2.ro\/index.php?rest_route=\/wp\/v2\/media\/13682"}],"wp:attachment":[{"href":"https:\/\/scurtpe2.ro\/index.php?rest_route=%2Fwp%2Fv2%2Fmedia&parent=14252"}],"wp:term":[{"taxonomy":"category","embeddable":true,"href":"https:\/\/scurtpe2.ro\/index.php?rest_route=%2Fwp%2Fv2%2Fcategories&post=14252"},{"taxonomy":"post_tag","embeddable":true,"href":"https:\/\/scurtpe2.ro\/index.php?rest_route=%2Fwp%2Fv2%2Ftags&post=14252"}],"curies":[{"name":"wp","href":"https:\/\/api.w.org\/{rel}","templated":true}]}}