{"id":14204,"date":"2021-12-28T18:56:38","date_gmt":"2021-12-28T15:56:38","guid":{"rendered":"http:\/\/www.scurtpe2.ro\/?p=14204"},"modified":"2021-12-28T18:56:38","modified_gmt":"2021-12-28T15:56:38","slug":"fara-masini-in-zona-centrala","status":"publish","type":"post","link":"https:\/\/scurtpe2.ro\/?p=14204","title":{"rendered":"F\u0102R\u0102 MA\u0218INI \u00ceN ZONA CENTRAL\u0102"},"content":{"rendered":"<p>Sunt ultimele s\u0103pt\u0103m\u00e2ni \u00een care ma\u0219inile mai pot circula pe dou\u0103 artere din centrul ora\u0219ului Buz\u0103u, Aleea Trandafirilor \u0219i strada George Emil Palade. Firma de construc\u021bii din Bucure\u0219ti care a c\u00e2\u0219tigat licita\u021bia de modernizare a zonei centrale a Buz\u0103ului va instala bariere la intrarea pe Aleea Trandafirilor, dinspre pia\u021b\u0103, dar \u0219i \u00een dreptul Hotelului Pietroasa. Acestea vor bloca traficul rutier at\u00e2t pe durata lucr\u0103rilor, c\u00e2t \u0219i dup\u0103 modernizarea Pie\u021bei Dacia. Astfel, Aleea Trandafirilor, dar \u0219i strada George Emil Palade &#8222;\u201c \u00eentre Hotel Pietroasa \u0219i Palatul Comunal &#8222;\u201c vor deveni exclusiv pietonale. Traficul existent acum pe strada George Emil Palade \u0219i Aleea Trandafirilor va fi preluat, \u00een mare parte, de str. Ostrovului.<\/p>\n<p>CONSTANTIN TOMA, primar: <em>&#8222;\u017eDeci, vom avea un dublu sens pe strada Ostrovului \u0219i prin Pia\u021ba Dacia nu va mai trece niciun fel de ma\u0219in\u0103. <\/em><\/p>\n<p><em>Practic, se va permite accesul numai la Hotelul Pietroasa, pentru c\u0103 este normal s\u0103 se \u00eent\u00e2mple a\u0219a, \u0219i totul va fi deviat pe strada Ostrovului. <\/em><\/p>\n<p><em>Probabil vom studia circuite, \u00een sensul de sensuri unice \u00een jurul Prim\u0103riei Buz\u0103u, astfel \u00eenc\u00e2t s\u0103 asigur\u0103m totu\u0219i o fluiditate c\u00e2t de c\u00e2t normal\u0103 \u00een Centru.&#8221;\u009d<\/em><\/p>\n<p>Lucr\u0103rile de reabilitare a Pie\u021bei Dacia, investi\u021bie cu bani europeni, \u00een valoare de 6 milioane de euro, va demara anul viitor. Pia\u021ba Dacia se va transforma total: marmura din Pia\u021ba Dacia va fi \u00eenlocuit\u0103 cu granit, tot cu motive tradi\u021bionale, vor ap\u0103rea f\u00e2nt\u00e2ni arteziene, b\u0103ncu\u021be noi \u0219i vor fi planta\u021bi copaci.<\/p>\n<p>Lucr\u0103rile de modernizare a centrului ora\u0219ului Buz\u0103u vor \u00eencepe chiar din februarie, dac\u0103 vremea va permite.<\/p>\n","protected":false},"excerpt":{"rendered":"<p>Sunt ultimele s\u0103pt\u0103m\u00e2ni \u00een care ma\u0219inile mai pot circula pe dou\u0103 artere din centrul ora\u0219ului Buz\u0103u, Aleea Trandafirilor \u0219i strada George Emil Palade. Firma de construc\u021bii din Bucure\u0219ti care a c\u00e2\u0219tigat licita\u021bia de modernizare a zonei centrale a Buz\u0103ului va instala bariere la intrarea pe Aleea Trandafirilor, dinspre pia\u021b\u0103, dar \u0219i \u00een dreptul Hotelului Pietroasa. Acestea vor bloca traficul rutier at\u00e2t pe durata lucr\u0103rilor, c\u00e2t \u0219i dup\u0103 modernizarea Pie\u021bei Dacia. Astfel, Aleea Trandafirilor, dar \u0219i strada George Emil Palade &#8222;\u201c \u00eentre Hotel Pietroasa \u0219i Palatul Comunal &#8222;\u201c vor deveni exclusiv&hellip;<\/p>\n","protected":false},"author":4,"featured_media":7355,"comment_status":"closed","ping_status":"closed","sticky":false,"template":"","format":"standard","meta":{"footnotes":""},"categories":[168],"tags":[832,964,728],"class_list":["post-14204","post","type-post","status-publish","format-standard","has-post-thumbnail","hentry","category-informatia-de-buzau","tag-modernizare","tag-piata-dacia","tag-trafic"],"gutentor_comment":0,"_links":{"self":[{"href":"https:\/\/scurtpe2.ro\/index.php?rest_route=\/wp\/v2\/posts\/14204","targetHints":{"allow":["GET"]}}],"collection":[{"href":"https:\/\/scurtpe2.ro\/index.php?rest_route=\/wp\/v2\/posts"}],"about":[{"href":"https:\/\/scurtpe2.ro\/index.php?rest_route=\/wp\/v2\/types\/post"}],"author":[{"embeddable":true,"href":"https:\/\/scurtpe2.ro\/index.php?rest_route=\/wp\/v2\/users\/4"}],"replies":[{"embeddable":true,"href":"https:\/\/scurtpe2.ro\/index.php?rest_route=%2Fwp%2Fv2%2Fcomments&post=14204"}],"version-history":[{"count":0,"href":"https:\/\/scurtpe2.ro\/index.php?rest_route=\/wp\/v2\/posts\/14204\/revisions"}],"wp:featuredmedia":[{"embeddable":true,"href":"https:\/\/scurtpe2.ro\/index.php?rest_route=\/wp\/v2\/media\/7355"}],"wp:attachment":[{"href":"https:\/\/scurtpe2.ro\/index.php?rest_route=%2Fwp%2Fv2%2Fmedia&parent=14204"}],"wp:term":[{"taxonomy":"category","embeddable":true,"href":"https:\/\/scurtpe2.ro\/index.php?rest_route=%2Fwp%2Fv2%2Fcategories&post=14204"},{"taxonomy":"post_tag","embeddable":true,"href":"https:\/\/scurtpe2.ro\/index.php?rest_route=%2Fwp%2Fv2%2Ftags&post=14204"}],"curies":[{"name":"wp","href":"https:\/\/api.w.org\/{rel}","templated":true}]}}