{"id":14158,"date":"2021-12-20T18:48:45","date_gmt":"2021-12-20T15:48:45","guid":{"rendered":"http:\/\/www.scurtpe2.ro\/?p=14158"},"modified":"2021-12-20T18:48:45","modified_gmt":"2021-12-20T15:48:45","slug":"2022-anul-reabilitarii-pietei-dacia","status":"publish","type":"post","link":"https:\/\/scurtpe2.ro\/?p=14158","title":{"rendered":"2022, ANUL REABILIT\u0102RII PIE\u021aEI DACIA"},"content":{"rendered":"<p>Unul dintre marile proiecte finan\u021bate cu bani europeni, din municipiul Buz\u0103u, \u00een anul 2022, este modernizarea Pie\u021bei Dacia. Investi\u021bia totalizeaz\u0103 6 milioane de euro. Licita\u021bia este la final iar, dac\u0103 nu apar contesta\u021bii, \u00een c\u00e2teva zile, se va semna contractul de execu\u021bie a lucr\u0103rii.<\/p>\n<p>Primarul municipiului Buz\u0103u, Constantin Toma, spune c\u0103 a trimis deja notific\u0103ri celor care de\u021bin, \u00een Pia\u021ba Dacia, chio\u0219curi de carte \u0219i produse cosmetice, pentru a elibera zona.<\/p>\n<p>Dup\u0103 reabilitare, centrul ora\u0219ului Buz\u0103u va fi transformat \u00eentr-o zon\u0103 urban\u0103 pietonal\u0103. Pavajul va fi schimbat \u00een totalitate, iar \u00een locul gresiei va fi pus un granit mat ce va p\u0103stra motivele tradi\u021bionale rom\u00e2ne\u0219ti. \u00cen Pia\u021ba Dacia fi montate b\u0103nci cu arhitectur\u0103 modern\u0103, iar f\u00e2nt\u00e2nile arteziene vor fi adaptate noului stil. De asemenea, zona de spa\u021bii verzi va fi extins\u0103 \u0219i vor ap\u0103rea \u0219i spa\u021bii noi destinate turi\u0219tilor.<\/p>\n<p>Potrivit proiectului, Aleea Trandafirilor, de la intersec\u021bia de la Biserica &#8222;\u017eSfin\u021bii \u00cengeri&#8221;\u009d, p\u00e2n\u0103 la magazinul Dacia, va fi \u00eenchis\u0103 traficului rutier. Acolo vor fi monta\u021bi st\u00e2lpi retractabili pentru ca accesul auto s\u0103 poat\u0103 fi permis \u00een cazuri speciale.<\/p>\n","protected":false},"excerpt":{"rendered":"<p>Unul dintre marile proiecte finan\u021bate cu bani europeni, din municipiul Buz\u0103u, \u00een anul 2022, este modernizarea Pie\u021bei Dacia. Investi\u021bia totalizeaz\u0103 6 milioane de euro. Licita\u021bia este la final iar, dac\u0103 nu apar contesta\u021bii, \u00een c\u00e2teva zile, se va semna contractul de execu\u021bie a lucr\u0103rii. Primarul municipiului Buz\u0103u, Constantin Toma, spune c\u0103 a trimis deja notific\u0103ri celor care de\u021bin, \u00een Pia\u021ba Dacia, chio\u0219curi de carte \u0219i produse cosmetice, pentru a elibera zona. Dup\u0103 reabilitare, centrul ora\u0219ului Buz\u0103u va fi transformat \u00eentr-o zon\u0103 urban\u0103 pietonal\u0103. Pavajul va fi schimbat \u00een totalitate, iar&hellip;<\/p>\n","protected":false},"author":4,"featured_media":7355,"comment_status":"closed","ping_status":"closed","sticky":false,"template":"","format":"standard","meta":{"footnotes":""},"categories":[173,168],"tags":[1909,964,1588,5174,1823],"class_list":["post-14158","post","type-post","status-publish","format-standard","has-post-thumbnail","hentry","category-administrativ","category-informatia-de-buzau","tag-licitatie","tag-piata-dacia","tag-reabilitare","tag-trafic-auto","tag-turisti"],"gutentor_comment":0,"_links":{"self":[{"href":"https:\/\/scurtpe2.ro\/index.php?rest_route=\/wp\/v2\/posts\/14158","targetHints":{"allow":["GET"]}}],"collection":[{"href":"https:\/\/scurtpe2.ro\/index.php?rest_route=\/wp\/v2\/posts"}],"about":[{"href":"https:\/\/scurtpe2.ro\/index.php?rest_route=\/wp\/v2\/types\/post"}],"author":[{"embeddable":true,"href":"https:\/\/scurtpe2.ro\/index.php?rest_route=\/wp\/v2\/users\/4"}],"replies":[{"embeddable":true,"href":"https:\/\/scurtpe2.ro\/index.php?rest_route=%2Fwp%2Fv2%2Fcomments&post=14158"}],"version-history":[{"count":0,"href":"https:\/\/scurtpe2.ro\/index.php?rest_route=\/wp\/v2\/posts\/14158\/revisions"}],"wp:featuredmedia":[{"embeddable":true,"href":"https:\/\/scurtpe2.ro\/index.php?rest_route=\/wp\/v2\/media\/7355"}],"wp:attachment":[{"href":"https:\/\/scurtpe2.ro\/index.php?rest_route=%2Fwp%2Fv2%2Fmedia&parent=14158"}],"wp:term":[{"taxonomy":"category","embeddable":true,"href":"https:\/\/scurtpe2.ro\/index.php?rest_route=%2Fwp%2Fv2%2Fcategories&post=14158"},{"taxonomy":"post_tag","embeddable":true,"href":"https:\/\/scurtpe2.ro\/index.php?rest_route=%2Fwp%2Fv2%2Ftags&post=14158"}],"curies":[{"name":"wp","href":"https:\/\/api.w.org\/{rel}","templated":true}]}}