{"id":14106,"date":"2021-12-14T20:28:18","date_gmt":"2021-12-14T17:28:18","guid":{"rendered":"http:\/\/www.scurtpe2.ro\/?p=14106"},"modified":"2021-12-14T20:28:18","modified_gmt":"2021-12-14T17:28:18","slug":"un-sediu-nou-2","status":"publish","type":"post","link":"https:\/\/scurtpe2.ro\/?p=14106","title":{"rendered":"UN SEDIU NOU"},"content":{"rendered":"<p>Acvaterm R\u00e2mnicu S\u0103rat va avea un sediu propriu. Dup\u0103 ce, de-a lungul anilor, \u0219i-a schimbat de mai multe ori loca\u021bia, acum societatea va avea un nou sediu pe strada Nicolae B\u0103lcescu.<\/p>\n<p>De asemenea, \u00een spa\u021biul din incinta Prim\u0103riei R\u00e2mnicu S\u0103rat, \u00een care \u00ee\u0219i desf\u0103\u0219oar\u0103 activitatea Acvaterm, va func\u021biona Centrul de Informare &#8222;\u0153Europe Direct,, . Centrul va furniza cet\u0103\u021benilor\u00c2\u00a0 informa\u021bii\u00c2\u00a0privind institu\u021biile, politicile \u0219i priorit\u0103\u021bile Uniunii Europene.<\/p>\n<p>Cu anii \u00een urm\u0103, Acvaterm R\u00e2mnicu S\u0103rat a avut sediul \u0219i \u00een centrul municipiului R\u00e2mnicu S\u0103rat, \u00een aceea\u0219i cl\u0103dire \u00een care activeaz\u0103 acum Poli\u021bia Local\u0103.<\/p>\n","protected":false},"excerpt":{"rendered":"<p>Acvaterm R\u00e2mnicu S\u0103rat va avea un sediu propriu. Dup\u0103 ce, de-a lungul anilor, \u0219i-a schimbat de mai multe ori loca\u021bia, acum societatea va avea un nou sediu pe strada Nicolae B\u0103lcescu. De asemenea, \u00een spa\u021biul din incinta Prim\u0103riei R\u00e2mnicu S\u0103rat, \u00een care \u00ee\u0219i desf\u0103\u0219oar\u0103 activitatea Acvaterm, va func\u021biona Centrul de Informare &#8222;\u0153Europe Direct,, . Centrul va furniza cet\u0103\u021benilor\u00c2\u00a0 informa\u021bii\u00c2\u00a0privind institu\u021biile, politicile \u0219i priorit\u0103\u021bile Uniunii Europene. Cu anii \u00een urm\u0103, Acvaterm R\u00e2mnicu S\u0103rat a avut sediul \u0219i \u00een centrul municipiului R\u00e2mnicu S\u0103rat, \u00een aceea\u0219i cl\u0103dire \u00een care activeaz\u0103 acum Poli\u021bia Local\u0103.<\/p>\n","protected":false},"author":4,"featured_media":10243,"comment_status":"closed","ping_status":"closed","sticky":false,"template":"","format":"standard","meta":{"footnotes":""},"categories":[173],"tags":[1670,4819,771,5151],"class_list":["post-14106","post","type-post","status-publish","format-standard","has-post-thumbnail","hentry","category-administrativ","tag-acvaterm","tag-europe-direct","tag-primaria-rm-sarat","tag-sediu"],"gutentor_comment":0,"_links":{"self":[{"href":"https:\/\/scurtpe2.ro\/index.php?rest_route=\/wp\/v2\/posts\/14106","targetHints":{"allow":["GET"]}}],"collection":[{"href":"https:\/\/scurtpe2.ro\/index.php?rest_route=\/wp\/v2\/posts"}],"about":[{"href":"https:\/\/scurtpe2.ro\/index.php?rest_route=\/wp\/v2\/types\/post"}],"author":[{"embeddable":true,"href":"https:\/\/scurtpe2.ro\/index.php?rest_route=\/wp\/v2\/users\/4"}],"replies":[{"embeddable":true,"href":"https:\/\/scurtpe2.ro\/index.php?rest_route=%2Fwp%2Fv2%2Fcomments&post=14106"}],"version-history":[{"count":0,"href":"https:\/\/scurtpe2.ro\/index.php?rest_route=\/wp\/v2\/posts\/14106\/revisions"}],"wp:featuredmedia":[{"embeddable":true,"href":"https:\/\/scurtpe2.ro\/index.php?rest_route=\/wp\/v2\/media\/10243"}],"wp:attachment":[{"href":"https:\/\/scurtpe2.ro\/index.php?rest_route=%2Fwp%2Fv2%2Fmedia&parent=14106"}],"wp:term":[{"taxonomy":"category","embeddable":true,"href":"https:\/\/scurtpe2.ro\/index.php?rest_route=%2Fwp%2Fv2%2Fcategories&post=14106"},{"taxonomy":"post_tag","embeddable":true,"href":"https:\/\/scurtpe2.ro\/index.php?rest_route=%2Fwp%2Fv2%2Ftags&post=14106"}],"curies":[{"name":"wp","href":"https:\/\/api.w.org\/{rel}","templated":true}]}}