{"id":14085,"date":"2021-12-10T20:42:29","date_gmt":"2021-12-10T17:42:29","guid":{"rendered":"http:\/\/www.scurtpe2.ro\/?p=14085"},"modified":"2021-12-10T20:42:29","modified_gmt":"2021-12-10T17:42:29","slug":"bilant-la-final-de-mandat","status":"publish","type":"post","link":"https:\/\/scurtpe2.ro\/?p=14085","title":{"rendered":"BILAN\u021a LA FINAL DE MANDAT"},"content":{"rendered":"<p>Viorel Holban, unul dintre cei doi subprefec\u021bi ai jude\u021bului Buz\u0103u, \u0219i-a anun\u021bat demisia, ast\u0103zi, din func\u021bia pe care a de\u021binut-o timp de 8 luni. Demisia a fost depus\u0103 \u00een data de 6 decembrie, Guvernul urm\u00e2nd s\u0103 aprobe aceast\u0103 decizie, \u00een urm\u0103toarea \u0219edin\u021b\u0103.<\/p>\n<p>\u00cen cadrul unei conferin\u021be de pres\u0103, r\u00e2mniceanul Viorel Holban a \u021binut s\u0103 dezv\u0103luie c\u00e2teva dintre exprien\u021bele tr\u0103ite \u00een mandatul s\u0103u \u00een calitatea de subprefect. De departe, gestionarea Valului 4 al pandemiei de COVID19, al\u0103turi de cel\u0103lalt subprefect, Marieta Bolo\u0219 a fost misiunea cea mai solicitant\u0103.<br \/>\nTotodat\u0103, Viorel Holban spune c\u0103 a reu\u0219it ca, \u00een scurtul s\u0103u mandat la conducerea Prefecturii Buz\u0103u, s\u0103 \u00eembun\u0103t\u0103\u021beasc\u0103 sim\u021bitor activitatea Serviciului Permise \u0219i \u00cenmatricul\u0103ri Auto. A fost adus un nou \u0219ef de serviciu, unul foarte exigent, iar timpii de a\u0219teptare pentru examenele teoretice \u0219i practice s-au redus considerabil.<br \/>\nTot la capitolul reu\u0219ite &#8211; spune Viorel Holban &#8211; este \u0219i activitatea \u00een ceea ce prive\u0219te retroced\u0103rile pe Legea Fondului Funciar. G\u0103sirea unei solu\u021bii pentru rezolvarea crizei gazelor de la G\u0103lbina\u0219i poate fi trecut\u0103, de asemenea, la capitolul reu\u0219ite pentru fostul subprefect.<br \/>\nViorel Holban a dezv\u0103luit c\u0103 a renun\u021bat la func\u021bia din prefectur\u0103 pentru a se implica mai mult \u00een proiecte personale, dar \u00ee\u0219i va continua activitatea politic\u0103 \u00een cadrul Partidului Na\u021bional Liberal. \u00cenc\u0103 nu se \u0219tie cine \u00eei va locul \u00een func\u021bia de subprefect, \u00eens\u0103 Viorel Holban \u00ee\u0219i dore\u0219te ca cel care va fi numit \u00een aceast\u0103 postur\u0103 s\u0103 fie tot un r\u00e2mnicean.<\/p>\n","protected":false},"excerpt":{"rendered":"<p>Viorel Holban, unul dintre cei doi subprefec\u021bi ai jude\u021bului Buz\u0103u, \u0219i-a anun\u021bat demisia, ast\u0103zi, din func\u021bia pe care a de\u021binut-o timp de 8 luni. Demisia a fost depus\u0103 \u00een data de 6 decembrie, Guvernul urm\u00e2nd s\u0103 aprobe aceast\u0103 decizie, \u00een urm\u0103toarea \u0219edin\u021b\u0103. \u00cen cadrul unei conferin\u021be de pres\u0103, r\u00e2mniceanul Viorel Holban a \u021binut s\u0103 dezv\u0103luie c\u00e2teva dintre exprien\u021bele tr\u0103ite \u00een mandatul s\u0103u \u00een calitatea de subprefect. De departe, gestionarea Valului 4 al pandemiei de COVID19, al\u0103turi de cel\u0103lalt subprefect, Marieta Bolo\u0219 a fost misiunea cea mai solicitant\u0103. Totodat\u0103, Viorel Holban&hellip;<\/p>\n","protected":false},"author":4,"featured_media":9403,"comment_status":"closed","ping_status":"closed","sticky":false,"template":"","format":"standard","meta":{"footnotes":""},"categories":[168,165],"tags":[1151,4897,5136,5135,798],"class_list":["post-14085","post","type-post","status-publish","format-standard","has-post-thumbnail","hentry","category-informatia-de-buzau","category-informatia-de-ramnic","tag-demisie","tag-liberal","tag-retrocedari","tag-subprefect","tag-viorel-holban"],"gutentor_comment":0,"_links":{"self":[{"href":"https:\/\/scurtpe2.ro\/index.php?rest_route=\/wp\/v2\/posts\/14085","targetHints":{"allow":["GET"]}}],"collection":[{"href":"https:\/\/scurtpe2.ro\/index.php?rest_route=\/wp\/v2\/posts"}],"about":[{"href":"https:\/\/scurtpe2.ro\/index.php?rest_route=\/wp\/v2\/types\/post"}],"author":[{"embeddable":true,"href":"https:\/\/scurtpe2.ro\/index.php?rest_route=\/wp\/v2\/users\/4"}],"replies":[{"embeddable":true,"href":"https:\/\/scurtpe2.ro\/index.php?rest_route=%2Fwp%2Fv2%2Fcomments&post=14085"}],"version-history":[{"count":0,"href":"https:\/\/scurtpe2.ro\/index.php?rest_route=\/wp\/v2\/posts\/14085\/revisions"}],"wp:featuredmedia":[{"embeddable":true,"href":"https:\/\/scurtpe2.ro\/index.php?rest_route=\/wp\/v2\/media\/9403"}],"wp:attachment":[{"href":"https:\/\/scurtpe2.ro\/index.php?rest_route=%2Fwp%2Fv2%2Fmedia&parent=14085"}],"wp:term":[{"taxonomy":"category","embeddable":true,"href":"https:\/\/scurtpe2.ro\/index.php?rest_route=%2Fwp%2Fv2%2Fcategories&post=14085"},{"taxonomy":"post_tag","embeddable":true,"href":"https:\/\/scurtpe2.ro\/index.php?rest_route=%2Fwp%2Fv2%2Ftags&post=14085"}],"curies":[{"name":"wp","href":"https:\/\/api.w.org\/{rel}","templated":true}]}}