{"id":14025,"date":"2021-12-06T18:15:31","date_gmt":"2021-12-06T15:15:31","guid":{"rendered":"http:\/\/www.scurtpe2.ro\/?p=14025"},"modified":"2021-12-06T18:15:31","modified_gmt":"2021-12-06T15:15:31","slug":"s-au-aprins-luminitele-de-craciun","status":"publish","type":"post","link":"https:\/\/scurtpe2.ro\/?p=14025","title":{"rendered":"S-AU APRINS LUMINI\u021aELE DE CR\u0102CIUN"},"content":{"rendered":"<p>Lumini\u021bele de Cr\u0103ciun s-au aprins \u0219i la R\u00e2mnicu S\u0103rat. Iluminatul festiv a fost aprins, seara trecut\u0103, \u00een Ajunul s\u0103rb\u0103torii Sf\u00e2ntului Ierarh Nicolae. Centrul municipiului, principalele artere, Parcul Central, cl\u0103direa Prim\u0103riei, dar \u0219i cea a Centrului Cultural au \u00eembr\u0103cat haine de s\u0103rb\u0103toare. R\u00e2mnicenii, ie\u0219i\u021bi la plimbare, au putut asculta colinde \u00een sta\u021bia de amplificare a ora\u0219ului.<br \/>\nReprezentan\u021bii Prim\u0103riei precizeaz\u0103 c\u0103, \u00een acest an, au fost achizitionate mai multe ornamente \u0219i articole specifice s\u0103rb\u0103torilor de iarn\u0103. Autorit\u0103\u021bile inten\u021bioneaz\u0103 s\u0103 extind\u0103 iluminatul festiv \u0219i \u00een alte zone ale ora\u0219ului.<br \/>\n\u0218i anul acesta, \u00een centrul municipiului R\u00e2mnicu S\u0103rat a fost montat un brad natural.<\/p>\n","protected":false},"excerpt":{"rendered":"<p>Lumini\u021bele de Cr\u0103ciun s-au aprins \u0219i la R\u00e2mnicu S\u0103rat. Iluminatul festiv a fost aprins, seara trecut\u0103, \u00een Ajunul s\u0103rb\u0103torii Sf\u00e2ntului Ierarh Nicolae. Centrul municipiului, principalele artere, Parcul Central, cl\u0103direa Prim\u0103riei, dar \u0219i cea a Centrului Cultural au \u00eembr\u0103cat haine de s\u0103rb\u0103toare. R\u00e2mnicenii, ie\u0219i\u021bi la plimbare, au putut asculta colinde \u00een sta\u021bia de amplificare a ora\u0219ului. Reprezentan\u021bii Prim\u0103riei precizeaz\u0103 c\u0103, \u00een acest an, au fost achizitionate mai multe ornamente \u0219i articole specifice s\u0103rb\u0103torilor de iarn\u0103. Autorit\u0103\u021bile inten\u021bioneaz\u0103 s\u0103 extind\u0103 iluminatul festiv \u0219i \u00een alte zone ale ora\u0219ului. \u0218i anul acesta, \u00een&hellip;<\/p>\n","protected":false},"author":4,"featured_media":10447,"comment_status":"closed","ping_status":"closed","sticky":false,"template":"","format":"standard","meta":{"footnotes":""},"categories":[165],"tags":[5077,3336,778],"class_list":["post-14025","post","type-post","status-publish","format-standard","has-post-thumbnail","hentry","category-informatia-de-ramnic","tag-brad-de-craciun","tag-iluminat-festiv","tag-ramniceni"],"gutentor_comment":0,"_links":{"self":[{"href":"https:\/\/scurtpe2.ro\/index.php?rest_route=\/wp\/v2\/posts\/14025","targetHints":{"allow":["GET"]}}],"collection":[{"href":"https:\/\/scurtpe2.ro\/index.php?rest_route=\/wp\/v2\/posts"}],"about":[{"href":"https:\/\/scurtpe2.ro\/index.php?rest_route=\/wp\/v2\/types\/post"}],"author":[{"embeddable":true,"href":"https:\/\/scurtpe2.ro\/index.php?rest_route=\/wp\/v2\/users\/4"}],"replies":[{"embeddable":true,"href":"https:\/\/scurtpe2.ro\/index.php?rest_route=%2Fwp%2Fv2%2Fcomments&post=14025"}],"version-history":[{"count":0,"href":"https:\/\/scurtpe2.ro\/index.php?rest_route=\/wp\/v2\/posts\/14025\/revisions"}],"wp:featuredmedia":[{"embeddable":true,"href":"https:\/\/scurtpe2.ro\/index.php?rest_route=\/wp\/v2\/media\/10447"}],"wp:attachment":[{"href":"https:\/\/scurtpe2.ro\/index.php?rest_route=%2Fwp%2Fv2%2Fmedia&parent=14025"}],"wp:term":[{"taxonomy":"category","embeddable":true,"href":"https:\/\/scurtpe2.ro\/index.php?rest_route=%2Fwp%2Fv2%2Fcategories&post=14025"},{"taxonomy":"post_tag","embeddable":true,"href":"https:\/\/scurtpe2.ro\/index.php?rest_route=%2Fwp%2Fv2%2Ftags&post=14025"}],"curies":[{"name":"wp","href":"https:\/\/api.w.org\/{rel}","templated":true}]}}