{"id":14009,"date":"2021-12-03T19:47:29","date_gmt":"2021-12-03T16:47:29","guid":{"rendered":"http:\/\/www.scurtpe2.ro\/?p=14009"},"modified":"2021-12-03T19:47:29","modified_gmt":"2021-12-03T16:47:29","slug":"curatenia-orasului-o-prioritate","status":"publish","type":"post","link":"https:\/\/scurtpe2.ro\/?p=14009","title":{"rendered":"CUR\u0102\u021aENIA ORA\u0218ULUI, O PRIORITATE"},"content":{"rendered":"<p>Cur\u0103\u021benia tuturor arterelor este o permanent\u0103 preocupare la R\u00e2mnicu S\u0103rat. Zilnic, angaja\u021bii societ\u0103\u021bii Acvaterm igienizeaz\u0103 principalele bulevarde ale municipiului, iar o dat\u0103 pe lun\u0103 cur\u0103\u021b\u0103 \u0219i str\u0103zile adiacente acestora.<\/p>\n<p>\u00cenc\u0103 din toamn\u0103, angaja\u021bii Acvaterm s-au preocupat \u0219i de cur\u0103\u021benia frunzi\u0219ului uscat.<\/p>\n<p>Autorit\u0103\u021bile din R\u00e2mnicu S\u0103rat reamintesc locuitorilor c\u0103 aspectul ora\u0219ului depinde \u00een mare m\u0103sur\u0103 \u0219i de modul \u00een care ace\u0219tia p\u0103streaz\u0103 cur\u0103\u021benia pe str\u0103zi \u0219i spa\u021biile verzi.<\/p>\n","protected":false},"excerpt":{"rendered":"<p>Cur\u0103\u021benia tuturor arterelor este o permanent\u0103 preocupare la R\u00e2mnicu S\u0103rat. Zilnic, angaja\u021bii societ\u0103\u021bii Acvaterm igienizeaz\u0103 principalele bulevarde ale municipiului, iar o dat\u0103 pe lun\u0103 cur\u0103\u021b\u0103 \u0219i str\u0103zile adiacente acestora. \u00cenc\u0103 din toamn\u0103, angaja\u021bii Acvaterm s-au preocupat \u0219i de cur\u0103\u021benia frunzi\u0219ului uscat. Autorit\u0103\u021bile din R\u00e2mnicu S\u0103rat reamintesc locuitorilor c\u0103 aspectul ora\u0219ului depinde \u00een mare m\u0103sur\u0103 \u0219i de modul \u00een care ace\u0219tia p\u0103streaz\u0103 cur\u0103\u021benia pe str\u0103zi \u0219i spa\u021biile verzi.<\/p>\n","protected":false},"author":4,"featured_media":13957,"comment_status":"closed","ping_status":"closed","sticky":false,"template":"","format":"standard","meta":{"footnotes":""},"categories":[165],"tags":[1670,1617,3324],"class_list":["post-14009","post","type-post","status-publish","format-standard","has-post-thumbnail","hentry","category-informatia-de-ramnic","tag-acvaterm","tag-curatenie","tag-spatiu-verde"],"gutentor_comment":0,"_links":{"self":[{"href":"https:\/\/scurtpe2.ro\/index.php?rest_route=\/wp\/v2\/posts\/14009","targetHints":{"allow":["GET"]}}],"collection":[{"href":"https:\/\/scurtpe2.ro\/index.php?rest_route=\/wp\/v2\/posts"}],"about":[{"href":"https:\/\/scurtpe2.ro\/index.php?rest_route=\/wp\/v2\/types\/post"}],"author":[{"embeddable":true,"href":"https:\/\/scurtpe2.ro\/index.php?rest_route=\/wp\/v2\/users\/4"}],"replies":[{"embeddable":true,"href":"https:\/\/scurtpe2.ro\/index.php?rest_route=%2Fwp%2Fv2%2Fcomments&post=14009"}],"version-history":[{"count":0,"href":"https:\/\/scurtpe2.ro\/index.php?rest_route=\/wp\/v2\/posts\/14009\/revisions"}],"wp:featuredmedia":[{"embeddable":true,"href":"https:\/\/scurtpe2.ro\/index.php?rest_route=\/wp\/v2\/media\/13957"}],"wp:attachment":[{"href":"https:\/\/scurtpe2.ro\/index.php?rest_route=%2Fwp%2Fv2%2Fmedia&parent=14009"}],"wp:term":[{"taxonomy":"category","embeddable":true,"href":"https:\/\/scurtpe2.ro\/index.php?rest_route=%2Fwp%2Fv2%2Fcategories&post=14009"},{"taxonomy":"post_tag","embeddable":true,"href":"https:\/\/scurtpe2.ro\/index.php?rest_route=%2Fwp%2Fv2%2Ftags&post=14009"}],"curies":[{"name":"wp","href":"https:\/\/api.w.org\/{rel}","templated":true}]}}