{"id":13951,"date":"2021-11-24T20:56:38","date_gmt":"2021-11-24T17:56:38","guid":{"rendered":"http:\/\/www.scurtpe2.ro\/?p=13951"},"modified":"2021-11-24T20:56:38","modified_gmt":"2021-11-24T17:56:38","slug":"ziua-nationala-sub-semnul-restrictiilor","status":"publish","type":"post","link":"https:\/\/scurtpe2.ro\/?p=13951","title":{"rendered":"ZIUA NA\u021aIONAL\u0102, SUB SEMNUL RESTRIC\u021aIILOR"},"content":{"rendered":"<p class=\"yiv7837335621ydpafc8e20bmsonormal\" style=\"background: white;\"><span lang=\"EN-US\" style=\"font-size: 18.0pt; color: #1d2228;\">La R\u00e2mnicu S\u0103rat, Ziua Na\u021bional\u0103 a Rom\u00e2niei va fi marcat\u0103 sub semnul restric\u021biilor. Pentru a evita r\u0103sp\u00e2ndirea noului coronavirus, anul acesta, nu se vor desf\u0103\u0219ura manifest\u0103ri publice cu ocazia Zilei de 1 Decembrie. Primarul municipiului Ramnicu S\u0103rat \u00eendeamn\u0103 cet\u0103\u021benii s\u0103 fie, totu\u0219i, activi \u00een mediul online, acolo unde pot transmite bucuria s\u0103rb\u0103torii na\u021bionale a Rom\u00e2niei.<\/span><\/p>\n<p class=\"yiv7837335621ydpafc8e20bmsonormal\" style=\"background: white;\"><span lang=\"EN-US\" style=\"font-size: 18.0pt; color: #1d2228;\">\u0218i anul trecut, de la primele ore ale zilei, r\u00e2mnicenii au transmis nenum\u0103rate mesaje pe re\u021belele de socializare cu prilejul Zilei Na\u021bionale, iar la case, por\u021bi sau ferestre au arborat Drapelul Rom\u00e2niei.<\/span><\/p>\n","protected":false},"excerpt":{"rendered":"<p>La R\u00e2mnicu S\u0103rat, Ziua Na\u021bional\u0103 a Rom\u00e2niei va fi marcat\u0103 sub semnul restric\u021biilor. Pentru a evita r\u0103sp\u00e2ndirea noului coronavirus, anul acesta, nu se vor desf\u0103\u0219ura manifest\u0103ri publice cu ocazia Zilei de 1 Decembrie. Primarul municipiului Ramnicu S\u0103rat \u00eendeamn\u0103 cet\u0103\u021benii s\u0103 fie, totu\u0219i, activi \u00een mediul online, acolo unde pot transmite bucuria s\u0103rb\u0103torii na\u021bionale a Rom\u00e2niei. \u0218i anul trecut, de la primele ore ale zilei, r\u00e2mnicenii au transmis nenum\u0103rate mesaje pe re\u021belele de socializare cu prilejul Zilei Na\u021bionale, iar la case, por\u021bi sau ferestre au arborat Drapelul Rom\u00e2niei.<\/p>\n","protected":false},"author":4,"featured_media":10470,"comment_status":"closed","ping_status":"closed","sticky":false,"template":"","format":"standard","meta":{"footnotes":""},"categories":[165],"tags":[2908,275,465,5078],"class_list":["post-13951","post","type-post","status-publish","format-standard","has-post-thumbnail","hentry","category-informatia-de-ramnic","tag-1-decembrie","tag-pandemie","tag-restrictii","tag-retele-socializare"],"gutentor_comment":0,"_links":{"self":[{"href":"https:\/\/scurtpe2.ro\/index.php?rest_route=\/wp\/v2\/posts\/13951","targetHints":{"allow":["GET"]}}],"collection":[{"href":"https:\/\/scurtpe2.ro\/index.php?rest_route=\/wp\/v2\/posts"}],"about":[{"href":"https:\/\/scurtpe2.ro\/index.php?rest_route=\/wp\/v2\/types\/post"}],"author":[{"embeddable":true,"href":"https:\/\/scurtpe2.ro\/index.php?rest_route=\/wp\/v2\/users\/4"}],"replies":[{"embeddable":true,"href":"https:\/\/scurtpe2.ro\/index.php?rest_route=%2Fwp%2Fv2%2Fcomments&post=13951"}],"version-history":[{"count":0,"href":"https:\/\/scurtpe2.ro\/index.php?rest_route=\/wp\/v2\/posts\/13951\/revisions"}],"wp:featuredmedia":[{"embeddable":true,"href":"https:\/\/scurtpe2.ro\/index.php?rest_route=\/wp\/v2\/media\/10470"}],"wp:attachment":[{"href":"https:\/\/scurtpe2.ro\/index.php?rest_route=%2Fwp%2Fv2%2Fmedia&parent=13951"}],"wp:term":[{"taxonomy":"category","embeddable":true,"href":"https:\/\/scurtpe2.ro\/index.php?rest_route=%2Fwp%2Fv2%2Fcategories&post=13951"},{"taxonomy":"post_tag","embeddable":true,"href":"https:\/\/scurtpe2.ro\/index.php?rest_route=%2Fwp%2Fv2%2Ftags&post=13951"}],"curies":[{"name":"wp","href":"https:\/\/api.w.org\/{rel}","templated":true}]}}