{"id":13948,"date":"2021-11-24T20:55:27","date_gmt":"2021-11-24T17:55:27","guid":{"rendered":"http:\/\/www.scurtpe2.ro\/?p=13948"},"modified":"2021-11-24T20:55:27","modified_gmt":"2021-11-24T17:55:27","slug":"brad-de-craciun-in-piata-dacia","status":"publish","type":"post","link":"https:\/\/scurtpe2.ro\/?p=13948","title":{"rendered":"BRAD DE CR\u0102CIUN, \u00ceN PIA\u021aA DACIA"},"content":{"rendered":"<p>Ast\u0103zi a fost instalat bradul de Cr\u0103ciun din centrul ora\u0219ului Buz\u0103u! Falnicul brad a fost transportat cu un camion \u0219i amplasat \u00een fa\u021ba Palatului Comunal cu ajutorul unei macarale. Opera\u021biunea a durat o jum\u0103tate de or\u0103 \u0219i s-a desf\u0103\u0219urat sub privirile a zeci de trec\u0103tori curio\u0219i.<\/p>\n<p>\u00cen perioada urm\u0103toare, bradul din centrul ora\u0219ului Buz\u0103u va fi \u00eempodobit cu ghirlande \u0219i beteal\u0103. Ca \u0219i anii trecu\u021bi, bradul instalat \u00een aceast\u0103 iarn\u0103 \u00een Pia\u021ba Dacia a fost dona\u021bie a unui localnic. Municipalitatea a apreciat gestul buzoianului, pentru c\u0103 astfel s-a evitat t\u0103ierea unui arbore din p\u0103dure.<\/p>\n","protected":false},"excerpt":{"rendered":"<p>Ast\u0103zi a fost instalat bradul de Cr\u0103ciun din centrul ora\u0219ului Buz\u0103u! Falnicul brad a fost transportat cu un camion \u0219i amplasat \u00een fa\u021ba Palatului Comunal cu ajutorul unei macarale. Opera\u021biunea a durat o jum\u0103tate de or\u0103 \u0219i s-a desf\u0103\u0219urat sub privirile a zeci de trec\u0103tori curio\u0219i. \u00cen perioada urm\u0103toare, bradul din centrul ora\u0219ului Buz\u0103u va fi \u00eempodobit cu ghirlande \u0219i beteal\u0103. Ca \u0219i anii trecu\u021bi, bradul instalat \u00een aceast\u0103 iarn\u0103 \u00een Pia\u021ba Dacia a fost dona\u021bie a unui localnic. Municipalitatea a apreciat gestul buzoianului, pentru c\u0103 astfel s-a evitat t\u0103ierea&hellip;<\/p>\n","protected":false},"author":4,"featured_media":13949,"comment_status":"closed","ping_status":"closed","sticky":false,"template":"","format":"standard","meta":{"footnotes":""},"categories":[168],"tags":[5077,926,964],"class_list":["post-13948","post","type-post","status-publish","format-standard","has-post-thumbnail","hentry","category-informatia-de-buzau","tag-brad-de-craciun","tag-donatie","tag-piata-dacia"],"gutentor_comment":0,"_links":{"self":[{"href":"https:\/\/scurtpe2.ro\/index.php?rest_route=\/wp\/v2\/posts\/13948","targetHints":{"allow":["GET"]}}],"collection":[{"href":"https:\/\/scurtpe2.ro\/index.php?rest_route=\/wp\/v2\/posts"}],"about":[{"href":"https:\/\/scurtpe2.ro\/index.php?rest_route=\/wp\/v2\/types\/post"}],"author":[{"embeddable":true,"href":"https:\/\/scurtpe2.ro\/index.php?rest_route=\/wp\/v2\/users\/4"}],"replies":[{"embeddable":true,"href":"https:\/\/scurtpe2.ro\/index.php?rest_route=%2Fwp%2Fv2%2Fcomments&post=13948"}],"version-history":[{"count":0,"href":"https:\/\/scurtpe2.ro\/index.php?rest_route=\/wp\/v2\/posts\/13948\/revisions"}],"wp:featuredmedia":[{"embeddable":true,"href":"https:\/\/scurtpe2.ro\/index.php?rest_route=\/wp\/v2\/media\/13949"}],"wp:attachment":[{"href":"https:\/\/scurtpe2.ro\/index.php?rest_route=%2Fwp%2Fv2%2Fmedia&parent=13948"}],"wp:term":[{"taxonomy":"category","embeddable":true,"href":"https:\/\/scurtpe2.ro\/index.php?rest_route=%2Fwp%2Fv2%2Fcategories&post=13948"},{"taxonomy":"post_tag","embeddable":true,"href":"https:\/\/scurtpe2.ro\/index.php?rest_route=%2Fwp%2Fv2%2Ftags&post=13948"}],"curies":[{"name":"wp","href":"https:\/\/api.w.org\/{rel}","templated":true}]}}