{"id":13917,"date":"2021-11-19T19:09:31","date_gmt":"2021-11-19T16:09:31","guid":{"rendered":"http:\/\/www.scurtpe2.ro\/?p=13917"},"modified":"2021-11-19T19:09:31","modified_gmt":"2021-11-19T16:09:31","slug":"noi-platforme-subterane","status":"publish","type":"post","link":"https:\/\/scurtpe2.ro\/?p=13917","title":{"rendered":"NOI PLATFORME SUBTERANE"},"content":{"rendered":"<p>Ultimele ghene de gunoi insalubre din municipiul R\u00e2mnicu S\u0103rat vor disp\u0103rea \u00een cur\u00e2nd. P\u00e2n\u0103 la \u00eenceputul anului viitor, acestea vor fi \u00eenlocuite cu platforme subterane, cu acces pe baz\u0103 de cartel\u0103.\u00c2\u00a0Dezasamblarea ghenelor vechi a \u00eenceput d\u00c3\u00a9j\u00c3\u00a0 \u00een cartierele Costieni \u0219i Zona Pod. Investi\u021bia este realizat\u0103 de operatorul de salubrizare, \u00een urma contractului semnat cu administra\u021bia din Rm S\u0103rat.<\/p>\n<p>Primele platforme de gunoi subterane din zona blocurilor au fost inaugurate anul trecut. Acestea sunt monitorizate video.<\/p>\n<p>Odat\u0103 cu semnarea noului contract, operatorul de salubrizare din Rm. Sarat \u0219i-a luat mai multe angajamente ce vizeaz\u0103 \u00eembun\u0103t\u0103\u021birea serviciului: cur\u0103\u021benie mai eficient\u0103, containere distribuite popula\u021biei pentru colectarea de\u0219eurilor vegetale, dar \u0219i amenajarea unor platforme \u00eengropate de gunoi, \u00een zona blocurilor.<\/p>\n","protected":false},"excerpt":{"rendered":"<p>Ultimele ghene de gunoi insalubre din municipiul R\u00e2mnicu S\u0103rat vor disp\u0103rea \u00een cur\u00e2nd. P\u00e2n\u0103 la \u00eenceputul anului viitor, acestea vor fi \u00eenlocuite cu platforme subterane, cu acces pe baz\u0103 de cartel\u0103.\u00c2\u00a0Dezasamblarea ghenelor vechi a \u00eenceput d\u00c3\u00a9j\u00c3\u00a0 \u00een cartierele Costieni \u0219i Zona Pod. Investi\u021bia este realizat\u0103 de operatorul de salubrizare, \u00een urma contractului semnat cu administra\u021bia din Rm S\u0103rat. Primele platforme de gunoi subterane din zona blocurilor au fost inaugurate anul trecut. Acestea sunt monitorizate video. Odat\u0103 cu semnarea noului contract, operatorul de salubrizare din Rm. Sarat \u0219i-a luat mai multe&hellip;<\/p>\n","protected":false},"author":4,"featured_media":10349,"comment_status":"closed","ping_status":"closed","sticky":false,"template":"","format":"standard","meta":{"footnotes":""},"categories":[173,165],"tags":[1789,2898,3088],"class_list":["post-13917","post","type-post","status-publish","format-standard","has-post-thumbnail","hentry","category-administrativ","category-informatia-de-ramnic","tag-blocuri","tag-platforme-gunoi","tag-salubrizare"],"gutentor_comment":0,"_links":{"self":[{"href":"https:\/\/scurtpe2.ro\/index.php?rest_route=\/wp\/v2\/posts\/13917","targetHints":{"allow":["GET"]}}],"collection":[{"href":"https:\/\/scurtpe2.ro\/index.php?rest_route=\/wp\/v2\/posts"}],"about":[{"href":"https:\/\/scurtpe2.ro\/index.php?rest_route=\/wp\/v2\/types\/post"}],"author":[{"embeddable":true,"href":"https:\/\/scurtpe2.ro\/index.php?rest_route=\/wp\/v2\/users\/4"}],"replies":[{"embeddable":true,"href":"https:\/\/scurtpe2.ro\/index.php?rest_route=%2Fwp%2Fv2%2Fcomments&post=13917"}],"version-history":[{"count":0,"href":"https:\/\/scurtpe2.ro\/index.php?rest_route=\/wp\/v2\/posts\/13917\/revisions"}],"wp:featuredmedia":[{"embeddable":true,"href":"https:\/\/scurtpe2.ro\/index.php?rest_route=\/wp\/v2\/media\/10349"}],"wp:attachment":[{"href":"https:\/\/scurtpe2.ro\/index.php?rest_route=%2Fwp%2Fv2%2Fmedia&parent=13917"}],"wp:term":[{"taxonomy":"category","embeddable":true,"href":"https:\/\/scurtpe2.ro\/index.php?rest_route=%2Fwp%2Fv2%2Fcategories&post=13917"},{"taxonomy":"post_tag","embeddable":true,"href":"https:\/\/scurtpe2.ro\/index.php?rest_route=%2Fwp%2Fv2%2Ftags&post=13917"}],"curies":[{"name":"wp","href":"https:\/\/api.w.org\/{rel}","templated":true}]}}