{"id":13895,"date":"2021-11-17T19:38:27","date_gmt":"2021-11-17T16:38:27","guid":{"rendered":"http:\/\/www.scurtpe2.ro\/?p=13895"},"modified":"2021-11-17T19:38:27","modified_gmt":"2021-11-17T16:38:27","slug":"copiii-lui-mos-craciun","status":"publish","type":"post","link":"https:\/\/scurtpe2.ro\/?p=13895","title":{"rendered":",,COPIII LUI MO\u0218 CR\u0102CIUN-\u009d"},"content":{"rendered":"<p class=\"yiv5167455109ydpf2619a42msonormal\" style=\"background: white;\"><span lang=\"EN-US\" style=\"font-size: 18.0pt; color: #1d2228;\">Provocare inedit\u0103 pentru r\u00e2mniceni \u00eenainte de s\u0103rb\u0103torile de iarn\u0103. Este vorba despre concursul online de fotografie ,,Copiii lui Mo\u0219 Cr\u0103ciun&#8221;\u009d, organizat de Centrul Cultural ,,Florica Cristoforeanu&#8221;\u009d. Cei interesa\u021bi s\u0103 participe la concurs pot trimite fotografii cu copii cu v\u00e2rsta de p\u00e2n\u0103 la 7 ani. Tema fotografiilor este ,,Iubire \u0219i fericire&#8221;\u009d, iar \u00een imagini trebuie s\u0103 se reg\u0103seasc\u0103 copii z\u00e2mbitori, ferici\u021bi sau prin\u0219i \u00een ipostaze comice. Perioada de \u00eenscriere la concurs este 26-30 noiembrie 2021.<\/span><\/p>\n<p class=\"yiv5167455109ydpf2619a42msonormal\" style=\"background: white;\"><span lang=\"EN-US\" style=\"font-size: 18.0pt; color: #1d2228;\">Premiile oferite c\u00e2\u0219tig\u0103torilor concursului ,,Copiii lui Mo\u0219 Cr\u0103ciun&#8221;\u009d\u00c2\u00a0\u00c2\u00a0constau \u00eentr-un tablou canvas, diplome, medalii \u0219i trofeu.<\/span><\/p>\n","protected":false},"excerpt":{"rendered":"<p>Provocare inedit\u0103 pentru r\u00e2mniceni \u00eenainte de s\u0103rb\u0103torile de iarn\u0103. Este vorba despre concursul online de fotografie ,,Copiii lui Mo\u0219 Cr\u0103ciun&#8221;\u009d, organizat de Centrul Cultural ,,Florica Cristoforeanu&#8221;\u009d. Cei interesa\u021bi s\u0103 participe la concurs pot trimite fotografii cu copii cu v\u00e2rsta de p\u00e2n\u0103 la 7 ani. Tema fotografiilor este ,,Iubire \u0219i fericire&#8221;\u009d, iar \u00een imagini trebuie s\u0103 se reg\u0103seasc\u0103 copii z\u00e2mbitori, ferici\u021bi sau prin\u0219i \u00een ipostaze comice. Perioada de \u00eenscriere la concurs este 26-30 noiembrie 2021. Premiile oferite c\u00e2\u0219tig\u0103torilor concursului ,,Copiii lui Mo\u0219 Cr\u0103ciun&#8221;\u009d\u00c2\u00a0\u00c2\u00a0constau \u00eentr-un tablou canvas, diplome, medalii \u0219i trofeu.<\/p>\n","protected":false},"author":4,"featured_media":13896,"comment_status":"closed","ping_status":"closed","sticky":false,"template":"","format":"standard","meta":{"footnotes":""},"categories":[165],"tags":[639,5057,3550,4871],"class_list":["post-13895","post","type-post","status-publish","format-standard","has-post-thumbnail","hentry","category-informatia-de-ramnic","tag-copii","tag-fotografie","tag-mos-craciun","tag-premiu"],"gutentor_comment":0,"_links":{"self":[{"href":"https:\/\/scurtpe2.ro\/index.php?rest_route=\/wp\/v2\/posts\/13895","targetHints":{"allow":["GET"]}}],"collection":[{"href":"https:\/\/scurtpe2.ro\/index.php?rest_route=\/wp\/v2\/posts"}],"about":[{"href":"https:\/\/scurtpe2.ro\/index.php?rest_route=\/wp\/v2\/types\/post"}],"author":[{"embeddable":true,"href":"https:\/\/scurtpe2.ro\/index.php?rest_route=\/wp\/v2\/users\/4"}],"replies":[{"embeddable":true,"href":"https:\/\/scurtpe2.ro\/index.php?rest_route=%2Fwp%2Fv2%2Fcomments&post=13895"}],"version-history":[{"count":0,"href":"https:\/\/scurtpe2.ro\/index.php?rest_route=\/wp\/v2\/posts\/13895\/revisions"}],"wp:featuredmedia":[{"embeddable":true,"href":"https:\/\/scurtpe2.ro\/index.php?rest_route=\/wp\/v2\/media\/13896"}],"wp:attachment":[{"href":"https:\/\/scurtpe2.ro\/index.php?rest_route=%2Fwp%2Fv2%2Fmedia&parent=13895"}],"wp:term":[{"taxonomy":"category","embeddable":true,"href":"https:\/\/scurtpe2.ro\/index.php?rest_route=%2Fwp%2Fv2%2Fcategories&post=13895"},{"taxonomy":"post_tag","embeddable":true,"href":"https:\/\/scurtpe2.ro\/index.php?rest_route=%2Fwp%2Fv2%2Ftags&post=13895"}],"curies":[{"name":"wp","href":"https:\/\/api.w.org\/{rel}","templated":true}]}}