{"id":13882,"date":"2021-11-16T18:37:29","date_gmt":"2021-11-16T15:37:29","guid":{"rendered":"http:\/\/www.scurtpe2.ro\/?p=13882"},"modified":"2021-11-16T18:37:29","modified_gmt":"2021-11-16T15:37:29","slug":"termen-pana-vineri","status":"publish","type":"post","link":"https:\/\/scurtpe2.ro\/?p=13882","title":{"rendered":"TERMEN P\u00c3\u201aN\u0102 VINERI"},"content":{"rendered":"<p class=\"yiv9308390493ydpbaa0baf1msonormal\"><span lang=\"EN-US\" style=\"font-size: 18.0pt;\">R\u00e2mnicenii mai pot depune cereri pentru ob\u021binerea ajutorului acordat \u00een vederea \u00eenc\u0103lzirii locuin\u021bei p\u00e2n\u0103 pe 19 noiembrie. Persoanele care depun dosarul p\u00e2n\u0103 la aceast\u0103 data pot beneficia de acordarea stimulentului \u00eencep\u00e2nd cu aceast\u0103 lun\u0103.\u00c2\u00a0\u0218i dup\u0103 19 noiembrie cet\u0103\u021benii pot depune solicit\u0103ri, dar ajutorul de \u00eenc\u0103lzire nu se va mai acorda pentru tot sezonul rece.<\/span><\/p>\n<p class=\"yiv9308390493ydpbaa0baf1msonormal\"><span lang=\"EN-US\" style=\"font-size: 18.0pt;\">P\u00e2n\u0103 \u00een prezent, Direc\u021bia de Asisten\u021b\u0103 Social\u0103 R\u00e2mnicu S\u0103rat a \u00eenregistrat peste o mie de cereri din partea persoanelor care solicit\u0103 ajutor pentru \u00eenc\u0103lzirea locuin\u021bei.<\/span><\/p>\n<p class=\"yiv9308390493ydpbaa0baf1msonormal\"><span lang=\"EN-US\" style=\"font-size: 18.0pt;\">Persoanele interesate pot prelua cererile-tip \u0219i declara\u021biile pe propria r\u0103spundere de la sediul Direc\u021biei de Asisten\u021b\u0103 Social\u0103 sau le pot descarca de pe site-ul institu\u021biei. Depunerea cererii \u00eenso\u021bit\u0103 de actele necesare pentru acordarea ajutorului pentru \u00eenc\u0103lzire \u0219i a suplimentului de energie se face la sediul institu\u021biei, de luni p\u00e2n\u0103 joi, \u00eentre orele 8.00-16.30 \u0219i vinerea, \u00eentre orele 8.00-14.00.<\/span><\/p>\n","protected":false},"excerpt":{"rendered":"<p>R\u00e2mnicenii mai pot depune cereri pentru ob\u021binerea ajutorului acordat \u00een vederea \u00eenc\u0103lzirii locuin\u021bei p\u00e2n\u0103 pe 19 noiembrie. Persoanele care depun dosarul p\u00e2n\u0103 la aceast\u0103 data pot beneficia de acordarea stimulentului \u00eencep\u00e2nd cu aceast\u0103 lun\u0103.\u00c2\u00a0\u0218i dup\u0103 19 noiembrie cet\u0103\u021benii pot depune solicit\u0103ri, dar ajutorul de \u00eenc\u0103lzire nu se va mai acorda pentru tot sezonul rece. P\u00e2n\u0103 \u00een prezent, Direc\u021bia de Asisten\u021b\u0103 Social\u0103 R\u00e2mnicu S\u0103rat a \u00eenregistrat peste o mie de cereri din partea persoanelor care solicit\u0103 ajutor pentru \u00eenc\u0103lzirea locuin\u021bei. Persoanele interesate pot prelua cererile-tip \u0219i declara\u021biile pe propria r\u0103spundere de&hellip;<\/p>\n","protected":false},"author":4,"featured_media":9617,"comment_status":"closed","ping_status":"closed","sticky":false,"template":"","format":"standard","meta":{"footnotes":""},"categories":[165],"tags":[2737,3558,778,5053],"class_list":["post-13882","post","type-post","status-publish","format-standard","has-post-thumbnail","hentry","category-informatia-de-ramnic","tag-cerere","tag-incalzire-locuinta","tag-ramniceni","tag-sezon-rece"],"gutentor_comment":0,"_links":{"self":[{"href":"https:\/\/scurtpe2.ro\/index.php?rest_route=\/wp\/v2\/posts\/13882","targetHints":{"allow":["GET"]}}],"collection":[{"href":"https:\/\/scurtpe2.ro\/index.php?rest_route=\/wp\/v2\/posts"}],"about":[{"href":"https:\/\/scurtpe2.ro\/index.php?rest_route=\/wp\/v2\/types\/post"}],"author":[{"embeddable":true,"href":"https:\/\/scurtpe2.ro\/index.php?rest_route=\/wp\/v2\/users\/4"}],"replies":[{"embeddable":true,"href":"https:\/\/scurtpe2.ro\/index.php?rest_route=%2Fwp%2Fv2%2Fcomments&post=13882"}],"version-history":[{"count":0,"href":"https:\/\/scurtpe2.ro\/index.php?rest_route=\/wp\/v2\/posts\/13882\/revisions"}],"wp:featuredmedia":[{"embeddable":true,"href":"https:\/\/scurtpe2.ro\/index.php?rest_route=\/wp\/v2\/media\/9617"}],"wp:attachment":[{"href":"https:\/\/scurtpe2.ro\/index.php?rest_route=%2Fwp%2Fv2%2Fmedia&parent=13882"}],"wp:term":[{"taxonomy":"category","embeddable":true,"href":"https:\/\/scurtpe2.ro\/index.php?rest_route=%2Fwp%2Fv2%2Fcategories&post=13882"},{"taxonomy":"post_tag","embeddable":true,"href":"https:\/\/scurtpe2.ro\/index.php?rest_route=%2Fwp%2Fv2%2Ftags&post=13882"}],"curies":[{"name":"wp","href":"https:\/\/api.w.org\/{rel}","templated":true}]}}