{"id":13879,"date":"2021-11-15T20:34:28","date_gmt":"2021-11-15T17:34:28","guid":{"rendered":"http:\/\/www.scurtpe2.ro\/?p=13879"},"modified":"2021-11-15T20:34:28","modified_gmt":"2021-11-15T17:34:28","slug":"spitalele-private-prea-putin-implicate-in-pandemie","status":"publish","type":"post","link":"https:\/\/scurtpe2.ro\/?p=13879","title":{"rendered":"SPITALELE PRIVATE, PREA PU\u021aIN IMPLICATE \u00ceN PANDEMIE"},"content":{"rendered":"<p>\u00cen timp ce COVID-19 pune la grea \u00eencercare sistemul public de s\u0103n\u0103tate, clinicile private nu se implic\u0103 mai deloc \u00een combaterea pendemiei. Este p\u0103rerea prefectului jude\u021bului Buz\u0103u, Daniel \u00c8\u0161iclea, care afirm\u0103 c\u0103 pu\u021bine sunt spitalele private care au acceptat s\u0103 devin\u0103 unit\u0103\u021bi suport COVID, \u00een condi\u021biile \u00een care\u00c2\u00a0 medicii de la spitalele de stat se pl\u00e2ng \u00een permanen\u021b\u0103 c\u0103 nu mai fac fa\u021b\u0103 num\u0103rului mare de pacien\u021bi infecta\u021bi cu noul coronoavirus. Prefectul mai spune c\u0103, de\u0219i \u0219i-a stabilit, ca\u00c2\u00a0 prioritate a mandatului s\u0103u, o implicare mai mare a unit\u0103\u021bilor medicale private \u00een combaterea pandemiei, demersul s\u0103u s-a lovit de un mare inconvenient: lipsa paturilor ATI \u00een clinicile private.<\/p>\n<p>Prefectul Daniel \u00c8\u0161iclea recunoa\u0219te, totu\u0219i, c\u0103 un serviciu privat de ambulan\u021b\u0103, cu filial\u0103 \u00een Buz\u0103u, a ajutat la transportul pacien\u021bilor \u00eentr-o perioad\u0103 extrem de grea, c\u00e2nd curtea Spitalului Jude\u021bean era plin\u0103 cu ambulan\u021bele de la stat, toate cu pacien\u021bi suspec\u021bi de Covid.<\/p>\n<p>Noul prefect de Buz\u0103u are \u0219anse infime de a mai ocupa acest post, \u00een cazul \u00een care PSD \u0219i PNL se vor \u00een\u021belege pentru formarea unui nou Guvern, mai mult ca sigur func\u021bia urm\u00e2nd s\u0103 revin\u0103 social-democra\u021bilor. Daniel \u00c8\u0161iclea d\u0103 asigur\u0103ri c\u0103 p\u00e2n\u0103 la finalul mandatului s\u0103u \u00een fruntea Prefecturii, se va dedica total luptei cu pandemia.<\/p>\n","protected":false},"excerpt":{"rendered":"<p>\u00cen timp ce COVID-19 pune la grea \u00eencercare sistemul public de s\u0103n\u0103tate, clinicile private nu se implic\u0103 mai deloc \u00een combaterea pendemiei. Este p\u0103rerea prefectului jude\u021bului Buz\u0103u, Daniel \u00c8\u0161iclea, care afirm\u0103 c\u0103 pu\u021bine sunt spitalele private care au acceptat s\u0103 devin\u0103 unit\u0103\u021bi suport COVID, \u00een condi\u021biile \u00een care\u00c2\u00a0 medicii de la spitalele de stat se pl\u00e2ng \u00een permanen\u021b\u0103 c\u0103 nu mai fac fa\u021b\u0103 num\u0103rului mare de pacien\u021bi infecta\u021bi cu noul coronoavirus. Prefectul mai spune c\u0103, de\u0219i \u0219i-a stabilit, ca\u00c2\u00a0 prioritate a mandatului s\u0103u, o implicare mai mare a unit\u0103\u021bilor medicale&hellip;<\/p>\n","protected":false},"author":4,"featured_media":13880,"comment_status":"closed","ping_status":"closed","sticky":false,"template":"","format":"standard","meta":{"footnotes":""},"categories":[168],"tags":[397,5002,275,694,5052],"class_list":["post-13879","post","type-post","status-publish","format-standard","has-post-thumbnail","hentry","category-informatia-de-buzau","tag-covid","tag-daniel-ticlea","tag-pandemie","tag-prefect","tag-spitale-private"],"gutentor_comment":0,"_links":{"self":[{"href":"https:\/\/scurtpe2.ro\/index.php?rest_route=\/wp\/v2\/posts\/13879","targetHints":{"allow":["GET"]}}],"collection":[{"href":"https:\/\/scurtpe2.ro\/index.php?rest_route=\/wp\/v2\/posts"}],"about":[{"href":"https:\/\/scurtpe2.ro\/index.php?rest_route=\/wp\/v2\/types\/post"}],"author":[{"embeddable":true,"href":"https:\/\/scurtpe2.ro\/index.php?rest_route=\/wp\/v2\/users\/4"}],"replies":[{"embeddable":true,"href":"https:\/\/scurtpe2.ro\/index.php?rest_route=%2Fwp%2Fv2%2Fcomments&post=13879"}],"version-history":[{"count":0,"href":"https:\/\/scurtpe2.ro\/index.php?rest_route=\/wp\/v2\/posts\/13879\/revisions"}],"wp:featuredmedia":[{"embeddable":true,"href":"https:\/\/scurtpe2.ro\/index.php?rest_route=\/wp\/v2\/media\/13880"}],"wp:attachment":[{"href":"https:\/\/scurtpe2.ro\/index.php?rest_route=%2Fwp%2Fv2%2Fmedia&parent=13879"}],"wp:term":[{"taxonomy":"category","embeddable":true,"href":"https:\/\/scurtpe2.ro\/index.php?rest_route=%2Fwp%2Fv2%2Fcategories&post=13879"},{"taxonomy":"post_tag","embeddable":true,"href":"https:\/\/scurtpe2.ro\/index.php?rest_route=%2Fwp%2Fv2%2Ftags&post=13879"}],"curies":[{"name":"wp","href":"https:\/\/api.w.org\/{rel}","templated":true}]}}