{"id":13763,"date":"2021-10-28T18:30:09","date_gmt":"2021-10-28T15:30:09","guid":{"rendered":"http:\/\/www.scurtpe2.ro\/?p=13763"},"modified":"2021-10-28T18:39:13","modified_gmt":"2021-10-28T15:39:13","slug":"de-la-fereastra-primariei","status":"publish","type":"post","link":"https:\/\/scurtpe2.ro\/?p=13763","title":{"rendered":"DE LA FEREASTRA PRIM\u0102RIEI"},"content":{"rendered":"<p>Prim\u0103ria R\u00e2mnicu S\u0103rat a deschis ferestrele de la Ghi\u0219eul Unic, pentru a lucra cu to\u021bi cet\u0103\u021benii. Astfel, r\u00e2mnicenii care solicit\u0103 institu\u021biei diverse documente, dar nu pot face dovada unui certificat verde din diferite motive, se pot adresa func\u021bionarilor publici direct la geam. \u00cen aceast\u0103 perioad\u0103, multe persoane se adreseaz\u0103 Prim\u0103riei \u00een vederea ob\u021binerii ajutorului pentru \u00eenc\u0103lzirea locuin\u021bei.<\/p>\n<p>Edilul muncipiului sper\u0103 ca vremea s\u0103 se mai men\u021bin\u0103 frumoas\u0103 o perioad\u0103, astfel \u00eenc\u00e2t, to\u021bi r\u00e2mnicenii s\u0103 ob\u021bin\u0103 actele necesare de la fereastra Prim\u0103riei. Totodat\u0103, primarul inten\u021bioneaz\u0103 s\u0103 demareze c\u00e2teva amenaj\u0103ri pentru a veni \u00een sprijinul cet\u0103\u021benilor. El sper\u0103 ca restric\u021biile s\u0103 \u00eenceteze, \u00een cur\u00e2nd, dar cere cet\u0103\u021benilor s\u0103 \u00een\u021beleag\u0103 m\u0103surile care trebuie respectate.<\/p>\n<p>R\u00e2mnicenii pot utiliza \u0219i serviciile on line puse la dispozi\u021bie de Prim\u0103ria Municipiului R\u00e2mnicu S\u0103rat, pe site-ul oficial\u00c2\u00a0<a href=\"http:\/\/www.primariermsarat.ro\/\">www.primariermsarat.ro<\/a>.<\/p>\n","protected":false},"excerpt":{"rendered":"<p>Prim\u0103ria R\u00e2mnicu S\u0103rat a deschis ferestrele de la Ghi\u0219eul Unic, pentru a lucra cu to\u021bi cet\u0103\u021benii. Astfel, r\u00e2mnicenii care solicit\u0103 institu\u021biei diverse documente, dar nu pot face dovada unui certificat verde din diferite motive, se pot adresa func\u021bionarilor publici direct la geam. \u00cen aceast\u0103 perioad\u0103, multe persoane se adreseaz\u0103 Prim\u0103riei \u00een vederea ob\u021binerii ajutorului pentru \u00eenc\u0103lzirea locuin\u021bei. Edilul muncipiului sper\u0103 ca vremea s\u0103 se mai men\u021bin\u0103 frumoas\u0103 o perioad\u0103, astfel \u00eenc\u00e2t, to\u021bi r\u00e2mnicenii s\u0103 ob\u021bin\u0103 actele necesare de la fereastra Prim\u0103riei. Totodat\u0103, primarul inten\u021bioneaz\u0103 s\u0103 demareze c\u00e2teva amenaj\u0103ri pentru a&hellip;<\/p>\n","protected":false},"author":4,"featured_media":8157,"comment_status":"closed","ping_status":"closed","sticky":false,"template":"","format":"standard","meta":{"footnotes":""},"categories":[173,165],"tags":[1587,300,4182,263],"class_list":["post-13763","post","type-post","status-publish","format-standard","has-post-thumbnail","hentry","category-administrativ","category-informatia-de-ramnic","tag-cetateni","tag-functionari","tag-ghiseu-unic","tag-primarie"],"gutentor_comment":0,"_links":{"self":[{"href":"https:\/\/scurtpe2.ro\/index.php?rest_route=\/wp\/v2\/posts\/13763","targetHints":{"allow":["GET"]}}],"collection":[{"href":"https:\/\/scurtpe2.ro\/index.php?rest_route=\/wp\/v2\/posts"}],"about":[{"href":"https:\/\/scurtpe2.ro\/index.php?rest_route=\/wp\/v2\/types\/post"}],"author":[{"embeddable":true,"href":"https:\/\/scurtpe2.ro\/index.php?rest_route=\/wp\/v2\/users\/4"}],"replies":[{"embeddable":true,"href":"https:\/\/scurtpe2.ro\/index.php?rest_route=%2Fwp%2Fv2%2Fcomments&post=13763"}],"version-history":[{"count":0,"href":"https:\/\/scurtpe2.ro\/index.php?rest_route=\/wp\/v2\/posts\/13763\/revisions"}],"wp:featuredmedia":[{"embeddable":true,"href":"https:\/\/scurtpe2.ro\/index.php?rest_route=\/wp\/v2\/media\/8157"}],"wp:attachment":[{"href":"https:\/\/scurtpe2.ro\/index.php?rest_route=%2Fwp%2Fv2%2Fmedia&parent=13763"}],"wp:term":[{"taxonomy":"category","embeddable":true,"href":"https:\/\/scurtpe2.ro\/index.php?rest_route=%2Fwp%2Fv2%2Fcategories&post=13763"},{"taxonomy":"post_tag","embeddable":true,"href":"https:\/\/scurtpe2.ro\/index.php?rest_route=%2Fwp%2Fv2%2Ftags&post=13763"}],"curies":[{"name":"wp","href":"https:\/\/api.w.org\/{rel}","templated":true}]}}