{"id":13747,"date":"2021-10-26T19:34:23","date_gmt":"2021-10-26T16:34:23","guid":{"rendered":"http:\/\/www.scurtpe2.ro\/?p=13747"},"modified":"2021-10-26T19:34:23","modified_gmt":"2021-10-26T16:34:23","slug":"noul-prefect-hotarat-sa-combata-pandemia","status":"publish","type":"post","link":"https:\/\/scurtpe2.ro\/?p=13747","title":{"rendered":"NOUL PREFECT, HOT\u0102R\u00c3\u201aT S\u0102 COMBAT\u0102 PANDEMIA"},"content":{"rendered":"<p>Daniel \u00c8\u0161iclea este noul prefect al jude\u021bului Buz\u0103u. El a fost \u00eenvestit \u00een func\u021bia de reprezentant al Guvernului \u00een jude\u021b, ieri dup\u0103 amiaz\u0103, \u00eentr-un cadru restr\u00e2ns, impus de m\u0103surile pentru\u00c2\u00a0 combaterea pandemiei. La finalul ceremoniei, Daniel \u00c8\u0161iclea a prezentat \u0219i \u021bintele urm\u0103rite \u00een noua sa calitate. Prioritate noului prefect o reprezint\u0103 lupta \u00eempotriva r\u0103sp\u00e2ndirii virsului Sars-Cov-2.<\/p>\n<p>Daniel \u00c8\u0161iclea spune c\u0103 decizia de a ocupa func\u021bia de prefect al Buz\u0103ului a fost luat\u0103 dup\u0103 ce s-a consultat cu familia. El d\u0103 asigur\u0103ri c\u0103, at\u00e2t c\u00e2t va fi prefect, se va dedica sut\u0103 la sut\u0103 noii sale posturi.<\/p>\n<p>De\u0219i numirea lui Daniel \u00c8\u0161iclea \u00een func\u021bia de prefect ar fi \u00eensemnat \u0219i formarea unei echipe complete la conducerea institu\u021biei, acest lucru nu se va \u00eent\u00e2mpla. R\u00e2mniceanul Viorel Holban a anun\u021bat c\u0103 va demisiona din func\u021bia de subprefect. El a m\u0103rturisit c\u0103 dore\u0219te s\u0103 se dedice mai mult unor proiecte personale. P\u00e2n\u0103 la numirea unui nou subprefect, Daniel \u00c8\u0161iclea va fi secondat la \u0219efia institu\u021biei de cel\u0103lalt subprefect, Marieta Bolo\u0219.<\/p>\n<p>Liberalul Daniel \u00c5\u00a2iclea &#8211; care a ocupat postul r\u0103mas vacant \u00een urm\u0103 cu mai bine de o lun\u0103, dup\u0103 ie\u0219irea USR-PLUS de la guvernare \u0219i demiterea fostului prefect Silviu Iordache &#8222;\u201c are 45 de ani, este de profesie economist \u0219i a lucrat, \u00een ultimii ani, \u00een cadrul CNAIR &#8211; Sucursala Drumuri Na\u021bionale Buz\u0103u.<\/p>\n","protected":false},"excerpt":{"rendered":"<p>Daniel \u00c8\u0161iclea este noul prefect al jude\u021bului Buz\u0103u. El a fost \u00eenvestit \u00een func\u021bia de reprezentant al Guvernului \u00een jude\u021b, ieri dup\u0103 amiaz\u0103, \u00eentr-un cadru restr\u00e2ns, impus de m\u0103surile pentru\u00c2\u00a0 combaterea pandemiei. La finalul ceremoniei, Daniel \u00c8\u0161iclea a prezentat \u0219i \u021bintele urm\u0103rite \u00een noua sa calitate. Prioritate noului prefect o reprezint\u0103 lupta \u00eempotriva r\u0103sp\u00e2ndirii virsului Sars-Cov-2. Daniel \u00c8\u0161iclea spune c\u0103 decizia de a ocupa func\u021bia de prefect al Buz\u0103ului a fost luat\u0103 dup\u0103 ce s-a consultat cu familia. El d\u0103 asigur\u0103ri c\u0103, at\u00e2t c\u00e2t va fi prefect, se va dedica&hellip;<\/p>\n","protected":false},"author":4,"featured_media":13748,"comment_status":"closed","ping_status":"closed","sticky":false,"template":"","format":"standard","meta":{"footnotes":""},"categories":[168],"tags":[5002,275,694,798],"class_list":["post-13747","post","type-post","status-publish","format-standard","has-post-thumbnail","hentry","category-informatia-de-buzau","tag-daniel-ticlea","tag-pandemie","tag-prefect","tag-viorel-holban"],"gutentor_comment":0,"_links":{"self":[{"href":"https:\/\/scurtpe2.ro\/index.php?rest_route=\/wp\/v2\/posts\/13747","targetHints":{"allow":["GET"]}}],"collection":[{"href":"https:\/\/scurtpe2.ro\/index.php?rest_route=\/wp\/v2\/posts"}],"about":[{"href":"https:\/\/scurtpe2.ro\/index.php?rest_route=\/wp\/v2\/types\/post"}],"author":[{"embeddable":true,"href":"https:\/\/scurtpe2.ro\/index.php?rest_route=\/wp\/v2\/users\/4"}],"replies":[{"embeddable":true,"href":"https:\/\/scurtpe2.ro\/index.php?rest_route=%2Fwp%2Fv2%2Fcomments&post=13747"}],"version-history":[{"count":0,"href":"https:\/\/scurtpe2.ro\/index.php?rest_route=\/wp\/v2\/posts\/13747\/revisions"}],"wp:featuredmedia":[{"embeddable":true,"href":"https:\/\/scurtpe2.ro\/index.php?rest_route=\/wp\/v2\/media\/13748"}],"wp:attachment":[{"href":"https:\/\/scurtpe2.ro\/index.php?rest_route=%2Fwp%2Fv2%2Fmedia&parent=13747"}],"wp:term":[{"taxonomy":"category","embeddable":true,"href":"https:\/\/scurtpe2.ro\/index.php?rest_route=%2Fwp%2Fv2%2Fcategories&post=13747"},{"taxonomy":"post_tag","embeddable":true,"href":"https:\/\/scurtpe2.ro\/index.php?rest_route=%2Fwp%2Fv2%2Ftags&post=13747"}],"curies":[{"name":"wp","href":"https:\/\/api.w.org\/{rel}","templated":true}]}}