{"id":13625,"date":"2021-10-08T17:25:59","date_gmt":"2021-10-08T14:25:59","guid":{"rendered":"http:\/\/www.scurtpe2.ro\/?p=13625"},"modified":"2021-10-08T17:25:59","modified_gmt":"2021-10-08T14:25:59","slug":"incalzirea-scolilor-la-latitudinea-directorilor","status":"publish","type":"post","link":"https:\/\/scurtpe2.ro\/?p=13625","title":{"rendered":"\u00ceNC\u0102LZIREA \u0218COLILOR, LA LATITUDINEA DIRECTORILOR"},"content":{"rendered":"<p class=\"yiv2793811508ydpce5172c7msonormal\" style=\"margin-top: 0cm;\"><span lang=\"EN-US\" style=\"font-size: 18.0pt;\">La R\u00e2mnicu S\u0103rat, furnizarea c\u0103ldurii \u00een \u0219coli depinde de decizia conducerii unit\u0103\u021bilor de \u00eenv\u0103\u021b\u0103m\u00e2nt. Precizarea apar\u021bine primarului Sorin C\u00eerjan care spune c\u0103 doar directorii hot\u0103r\u0103sc momentul \u00een care clasele vor fi \u00eenc\u0103lzite.<\/span><\/p>\n<p class=\"yiv2793811508ydpce5172c7msonormal\" style=\"margin-top: 0cm;\"><span lang=\"EN-US\" style=\"font-size: 18.0pt;\">Primarul R\u00e2mnicului precizeaz\u0103 c\u0103 temperatura \u00een clase variaz\u0103 de la o \u0219coal\u0103 la alt\u0103, \u00een func\u021bie de gradul de izolare termic\u0103 a unit\u0103\u021bii de \u00eenv\u0103\u021b\u0103m\u00e2nt. Sorin C\u00eerjan consider\u0103 c\u0103 reprezentan\u021bii \u0219colilor trebuie s\u0103 ia toate m\u0103surile necesare, pentru a asigura confortul elevilor, mai ales \u00een contextul pandemic actual.<\/span><\/p>\n<p class=\"yiv2793811508ydpce5172c7msonormal\" style=\"margin-top: 0cm;\"><span lang=\"EN-US\" style=\"font-size: 18.0pt;\">\u00cen perioada urm\u0103toare, meteorologii anun\u021b\u0103 o r\u0103cire accentuat\u0103 a vremii, iar asigurarea c\u0103ldurii \u00een \u0219coli este o necesitate.<\/span><\/p>\n","protected":false},"excerpt":{"rendered":"<p>La R\u00e2mnicu S\u0103rat, furnizarea c\u0103ldurii \u00een \u0219coli depinde de decizia conducerii unit\u0103\u021bilor de \u00eenv\u0103\u021b\u0103m\u00e2nt. Precizarea apar\u021bine primarului Sorin C\u00eerjan care spune c\u0103 doar directorii hot\u0103r\u0103sc momentul \u00een care clasele vor fi \u00eenc\u0103lzite. Primarul R\u00e2mnicului precizeaz\u0103 c\u0103 temperatura \u00een clase variaz\u0103 de la o \u0219coal\u0103 la alt\u0103, \u00een func\u021bie de gradul de izolare termic\u0103 a unit\u0103\u021bii de \u00eenv\u0103\u021b\u0103m\u00e2nt. Sorin C\u00eerjan consider\u0103 c\u0103 reprezentan\u021bii \u0219colilor trebuie s\u0103 ia toate m\u0103surile necesare, pentru a asigura confortul elevilor, mai ales \u00een contextul pandemic actual. \u00cen perioada urm\u0103toare, meteorologii anun\u021b\u0103 o r\u0103cire accentuat\u0103 a vremii,&hellip;<\/p>\n","protected":false},"author":4,"featured_media":9617,"comment_status":"closed","ping_status":"closed","sticky":false,"template":"","format":"standard","meta":{"footnotes":""},"categories":[165],"tags":[4962,1174,2982,822,1004],"class_list":["post-13625","post","type-post","status-publish","format-standard","has-post-thumbnail","hentry","category-informatia-de-ramnic","tag-directori","tag-incalzire","tag-meteo","tag-scoala","tag-temperatura"],"gutentor_comment":0,"_links":{"self":[{"href":"https:\/\/scurtpe2.ro\/index.php?rest_route=\/wp\/v2\/posts\/13625","targetHints":{"allow":["GET"]}}],"collection":[{"href":"https:\/\/scurtpe2.ro\/index.php?rest_route=\/wp\/v2\/posts"}],"about":[{"href":"https:\/\/scurtpe2.ro\/index.php?rest_route=\/wp\/v2\/types\/post"}],"author":[{"embeddable":true,"href":"https:\/\/scurtpe2.ro\/index.php?rest_route=\/wp\/v2\/users\/4"}],"replies":[{"embeddable":true,"href":"https:\/\/scurtpe2.ro\/index.php?rest_route=%2Fwp%2Fv2%2Fcomments&post=13625"}],"version-history":[{"count":0,"href":"https:\/\/scurtpe2.ro\/index.php?rest_route=\/wp\/v2\/posts\/13625\/revisions"}],"wp:featuredmedia":[{"embeddable":true,"href":"https:\/\/scurtpe2.ro\/index.php?rest_route=\/wp\/v2\/media\/9617"}],"wp:attachment":[{"href":"https:\/\/scurtpe2.ro\/index.php?rest_route=%2Fwp%2Fv2%2Fmedia&parent=13625"}],"wp:term":[{"taxonomy":"category","embeddable":true,"href":"https:\/\/scurtpe2.ro\/index.php?rest_route=%2Fwp%2Fv2%2Fcategories&post=13625"},{"taxonomy":"post_tag","embeddable":true,"href":"https:\/\/scurtpe2.ro\/index.php?rest_route=%2Fwp%2Fv2%2Ftags&post=13625"}],"curies":[{"name":"wp","href":"https:\/\/api.w.org\/{rel}","templated":true}]}}