{"id":13623,"date":"2021-10-08T17:23:52","date_gmt":"2021-10-08T14:23:52","guid":{"rendered":"http:\/\/www.scurtpe2.ro\/?p=13623"},"modified":"2021-10-08T17:23:52","modified_gmt":"2021-10-08T14:23:52","slug":"haos-la-testarea-elevilor","status":"publish","type":"post","link":"https:\/\/scurtpe2.ro\/?p=13623","title":{"rendered":"HAOS LA TESTAREA ELEVILOR"},"content":{"rendered":"<p>Cabinetele \u0219colare nu vor mai face teste pentru reluarea cursurilor \u00een a opta zi de la confirmarea unui caz pozitiv de COVID \u00eentr-o clas\u0103. Decizia apar\u021bine Ministerul S\u0103n\u0103t\u0103\u021bii care \u00c2\u00a0precizeaz\u0103 c\u0103 testarea elevilor care vor s\u0103 revin\u0103 la \u0219coal\u0103 nu mai intr\u0103 \u00een sarcina cabinetelor \u0219colare, ci se va face pe cheltuiala p\u0103rin\u021bilor. Prin urmare, p\u0103rin\u021bii \u00ee\u0219i vor testa copiii care vor s\u0103 revin\u0103 la \u0219coal\u0103 \u00een a opta zi \u00een alte locuri dec\u00e2t la cabinetele \u0219colare. \u00cen caz contrar, elevii vor reveni la \u0219coal\u0103 dup\u0103 14 zile. Liderii din \u00eenv\u0103\u021b\u0103m\u00eent critic\u0103 decizia luat\u0103 de Minsiterul S\u0103n\u0103t\u0103\u021bii \u00een pivin\u021ba test\u0103rii elevilor!<\/p>\n<p>Acela\u0219i ordin al Ministerului S\u0103n\u0103t\u0103\u021bii mai precizeaz\u0103 c\u0103 \u00een \u0219coli vor fi testa\u021bi doar elevii simptomatici, iar cadrele didactice \u0219i nedidactice nu vor mai beneficia de test\u0103ri. Liderul Sindicatului \u00cenv\u0103\u021b\u0103m\u00e2ntului Preuniversitar din Buz\u0103u, atrage aten\u021bia c\u0103, \u00een plin val 4 al pandemiei, majoritatea cabinetelor \u0219colare sunt supraaglomerate, iar personalul, insuficient numeric.<\/p>\n<p>Ieri, la nivelul \u00eentregii \u021b\u0103ri, aproape 13.000 de elevi \u0219i pre\u0219colari \u0219i circa 4.400 de angaja\u021bi din \u00eenv\u0103\u021b\u0103m\u00e2nt erau infecta\u021bi cu virsul SARS-CoV-2.<\/p>\n","protected":false},"excerpt":{"rendered":"<p>Cabinetele \u0219colare nu vor mai face teste pentru reluarea cursurilor \u00een a opta zi de la confirmarea unui caz pozitiv de COVID \u00eentr-o clas\u0103. Decizia apar\u021bine Ministerul S\u0103n\u0103t\u0103\u021bii care \u00c2\u00a0precizeaz\u0103 c\u0103 testarea elevilor care vor s\u0103 revin\u0103 la \u0219coal\u0103 nu mai intr\u0103 \u00een sarcina cabinetelor \u0219colare, ci se va face pe cheltuiala p\u0103rin\u021bilor. Prin urmare, p\u0103rin\u021bii \u00ee\u0219i vor testa copiii care vor s\u0103 revin\u0103 la \u0219coal\u0103 \u00een a opta zi \u00een alte locuri dec\u00e2t la cabinetele \u0219colare. \u00cen caz contrar, elevii vor reveni la \u0219coal\u0103 dup\u0103 14 zile. Liderii din&hellip;<\/p>\n","protected":false},"author":4,"featured_media":7521,"comment_status":"closed","ping_status":"closed","sticky":false,"template":"","format":"standard","meta":{"footnotes":""},"categories":[173],"tags":[4961,246,534,3297],"class_list":["post-13623","post","type-post","status-publish","format-standard","has-post-thumbnail","hentry","category-administrativ","tag-cabinete-scolare","tag-elevi","tag-sanatate","tag-test-covid"],"gutentor_comment":0,"_links":{"self":[{"href":"https:\/\/scurtpe2.ro\/index.php?rest_route=\/wp\/v2\/posts\/13623","targetHints":{"allow":["GET"]}}],"collection":[{"href":"https:\/\/scurtpe2.ro\/index.php?rest_route=\/wp\/v2\/posts"}],"about":[{"href":"https:\/\/scurtpe2.ro\/index.php?rest_route=\/wp\/v2\/types\/post"}],"author":[{"embeddable":true,"href":"https:\/\/scurtpe2.ro\/index.php?rest_route=\/wp\/v2\/users\/4"}],"replies":[{"embeddable":true,"href":"https:\/\/scurtpe2.ro\/index.php?rest_route=%2Fwp%2Fv2%2Fcomments&post=13623"}],"version-history":[{"count":0,"href":"https:\/\/scurtpe2.ro\/index.php?rest_route=\/wp\/v2\/posts\/13623\/revisions"}],"wp:featuredmedia":[{"embeddable":true,"href":"https:\/\/scurtpe2.ro\/index.php?rest_route=\/wp\/v2\/media\/7521"}],"wp:attachment":[{"href":"https:\/\/scurtpe2.ro\/index.php?rest_route=%2Fwp%2Fv2%2Fmedia&parent=13623"}],"wp:term":[{"taxonomy":"category","embeddable":true,"href":"https:\/\/scurtpe2.ro\/index.php?rest_route=%2Fwp%2Fv2%2Fcategories&post=13623"},{"taxonomy":"post_tag","embeddable":true,"href":"https:\/\/scurtpe2.ro\/index.php?rest_route=%2Fwp%2Fv2%2Ftags&post=13623"}],"curies":[{"name":"wp","href":"https:\/\/api.w.org\/{rel}","templated":true}]}}