{"id":13608,"date":"2021-10-06T18:00:58","date_gmt":"2021-10-06T15:00:58","guid":{"rendered":"http:\/\/www.scurtpe2.ro\/?p=13608"},"modified":"2021-10-06T16:29:05","modified_gmt":"2021-10-06T13:29:05","slug":"localnici-revoltati","status":"publish","type":"post","link":"https:\/\/scurtpe2.ro\/?p=13608","title":{"rendered":"LOCALNICI REVOLTA\u021aI"},"content":{"rendered":"<p>Revolt\u0103 la Nehoiu dup\u0103 ce Ministerul S\u0103n\u0103t\u0103\u021bii a emis ordinul prin care Spitalul or\u0103\u0219enesc ar urma s\u0103 se ocupe doar de bolnavi Covid. Unitatea ar urma s\u0103 aib\u0103 45 de paturi pentru bolnavii cu coronavirus \u0219i nu va mai trata \u0219i bolnavi cu alte afec\u021biuni, pacien\u021bilor r\u0103m\u00e2n\u00e2ndu-le doar ambulatoriul spitalului. Decizia \u00eenchiderii unit\u0103\u021bii pentru pacien\u021bii cu alte afec\u021biuni dec\u00e2t Covid i-a adus \u00een pragul revoltei pe localnicii de pe Valea Buz\u0103ului.<br \/>\n\u00cen spitalul de la Nehoiu ar urma s\u0103 ajung\u0103 pacien\u021bii cu forme u\u0219oare \u0219i medii de Covid, dup\u0103 ce au trecut de perioada de opt zile de tratament cu antivirale \u0219i toate cele necesare \u00een lupta cu coronavirusul. \u00centre timp, conducerea spitalului a f\u0103cut achizi\u021biile necesare \u0219i a discutat cu reprezentan\u021bii firmei care aduceau oxigen aici p\u00e2n\u0103 acum, astfel \u00eenc\u00e2t acesta s\u0103 fie adus la dou\u0103 zile, nu la o s\u0103pt\u0103m\u00e2n\u0103 ca \u00eenainte de momentul la care spitalul va prelua bolnavii Covid.<\/p>\n<p>Spitalul or\u0103\u0219enesc Nehoiu, condus de medicul basarabean Sergiu Remi\u0219ovschi, deserve\u0219te aproximativ 50.000 de persoane din 11 localit\u0103\u021bi de pe Valea Buz\u0103ului.<\/p>\n","protected":false},"excerpt":{"rendered":"<p>Revolt\u0103 la Nehoiu dup\u0103 ce Ministerul S\u0103n\u0103t\u0103\u021bii a emis ordinul prin care Spitalul or\u0103\u0219enesc ar urma s\u0103 se ocupe doar de bolnavi Covid. Unitatea ar urma s\u0103 aib\u0103 45 de paturi pentru bolnavii cu coronavirus \u0219i nu va mai trata \u0219i bolnavi cu alte afec\u021biuni, pacien\u021bilor r\u0103m\u00e2n\u00e2ndu-le doar ambulatoriul spitalului. Decizia \u00eenchiderii unit\u0103\u021bii pentru pacien\u021bii cu alte afec\u021biuni dec\u00e2t Covid i-a adus \u00een pragul revoltei pe localnicii de pe Valea Buz\u0103ului. \u00cen spitalul de la Nehoiu ar urma s\u0103 ajung\u0103 pacien\u021bii cu forme u\u0219oare \u0219i medii de Covid, dup\u0103 ce&hellip;<\/p>\n","protected":false},"author":4,"featured_media":13609,"comment_status":"closed","ping_status":"closed","sticky":false,"template":"","format":"standard","meta":{"footnotes":""},"categories":[173],"tags":[397,4955,4953,4954],"class_list":["post-13608","post","type-post","status-publish","format-standard","has-post-thumbnail","hentry","category-administrativ","tag-covid","tag-oxigen","tag-revolta","tag-spital-nehoiu"],"gutentor_comment":0,"_links":{"self":[{"href":"https:\/\/scurtpe2.ro\/index.php?rest_route=\/wp\/v2\/posts\/13608","targetHints":{"allow":["GET"]}}],"collection":[{"href":"https:\/\/scurtpe2.ro\/index.php?rest_route=\/wp\/v2\/posts"}],"about":[{"href":"https:\/\/scurtpe2.ro\/index.php?rest_route=\/wp\/v2\/types\/post"}],"author":[{"embeddable":true,"href":"https:\/\/scurtpe2.ro\/index.php?rest_route=\/wp\/v2\/users\/4"}],"replies":[{"embeddable":true,"href":"https:\/\/scurtpe2.ro\/index.php?rest_route=%2Fwp%2Fv2%2Fcomments&post=13608"}],"version-history":[{"count":0,"href":"https:\/\/scurtpe2.ro\/index.php?rest_route=\/wp\/v2\/posts\/13608\/revisions"}],"wp:featuredmedia":[{"embeddable":true,"href":"https:\/\/scurtpe2.ro\/index.php?rest_route=\/wp\/v2\/media\/13609"}],"wp:attachment":[{"href":"https:\/\/scurtpe2.ro\/index.php?rest_route=%2Fwp%2Fv2%2Fmedia&parent=13608"}],"wp:term":[{"taxonomy":"category","embeddable":true,"href":"https:\/\/scurtpe2.ro\/index.php?rest_route=%2Fwp%2Fv2%2Fcategories&post=13608"},{"taxonomy":"post_tag","embeddable":true,"href":"https:\/\/scurtpe2.ro\/index.php?rest_route=%2Fwp%2Fv2%2Ftags&post=13608"}],"curies":[{"name":"wp","href":"https:\/\/api.w.org\/{rel}","templated":true}]}}